{"id":114655,"date":"2021-04-10T07:40:55","date_gmt":"2021-04-10T11:40:55","guid":{"rendered":"https:\/\/linitiative.ca\/International\/lois-electorales-pas-de-dispositions-contraires-a-la-constitution\/"},"modified":"2021-04-10T07:40:55","modified_gmt":"2021-04-10T11:40:55","slug":"lois-electorales-pas-de-dispositions-contraires-a-la-constitution","status":"publish","type":"post","link":"https:\/\/linitiative.ca\/International\/lois-electorales-pas-de-dispositions-contraires-a-la-constitution\/","title":{"rendered":"Lois \u00e9lectorales : \u00ab\u00a0Pas de dispositions contraires \u00e0 la Constitution\u00a0\u00bb"},"content":{"rendered":"<p class=\"rtejustify\">La Cour constitutionnelle a affirm\u00e9 que les lois relatives \u00e0 la Chambre des repr\u00e9sentants, \u00e0 la Chambre des conseillers et \u00e0 l&rsquo;\u00e9lection des membres des conseils des collectivit\u00e9s territoriales, ne contiennent pas de dispositions contraires \u00e0 la Constitution.<\/p>\n<p class=\"rtejustify\">Dans trois arr\u00eats distincts rendus jeudi, la Cour Constitutionnelle tranche la question de la constitutionnalit\u00e9 de la loi organique N\u00b004.21 modifiant et compl\u00e9tant la loi organique N\u00b027.11 relative \u00e0 la Chambre des repr\u00e9sentants, la loi organique N\u00b005.21 modifiant et compl\u00e9tant la loi organique N\u00b028.11 relative \u00e0 la Chambre des conseillers et la loi organique N\u00b006.21 modifiant et compl\u00e9tant la loi organique N\u00b059.11 relative \u00e0 l\u2019\u00e9lection des membres des conseils des collectivit\u00e9s territoriales, adopt\u00e9es par le parlement en session extraordinaire.<\/p>\n<p class=\"rtejustify\">Parmi les questions qui ont suscit\u00e9 le d\u00e9bat \u00e0 l\u2019occasion de l\u2019examen de ces textes, figure l\u2019adoption du quotient \u00e9lectoral calcul\u00e9 sur la base des inscrits aux listes \u00e9lectorales. \u00c0 ce propos, la Cour constitutionnelle souligne que la Constitution ne pr\u00e9voit aucune r\u00e8gle fixant les modalit\u00e9s de calcul du quotient \u00e9lectoral, laissant ainsi au l\u00e9gislateur le soin de trancher ce sujet. Dans le m\u00eame sens, la Haute juridiction fait observer que la Loi fondamentale stipule que le syst\u00e8me \u00e9lectoral relatif \u00e0 la Chambre des repr\u00e9sentants (article 62) et aux collectivit\u00e9s territoriales (146), incluant les modalit\u00e9s de distribution des si\u00e8ges, est fix\u00e9 par une loi organique. Ces trois textes constituent, aux c\u00f4t\u00e9s de la loi organique N\u00b007.21 modifiant et compl\u00e9tant la loi organique N\u00b029.11 relative aux partis politiques, le nouveau dispositif \u00e9lectoral, adopt\u00e9 en pr\u00e9vision des prochaine \u00e9ch\u00e9ances.<\/p>\n<p>Auteur: mbasraoui<br \/>\n<a href=\"https:\/\/www.leconomiste.com\/flash-infos\/lois-electorales-pas-de-dispositions-contraires-la-constitution\">Cliquez ici pour lire l&rsquo;article depuis sa source.<\/a><\/p>\n","protected":false},"excerpt":{"rendered":"<p>La Cour constitutionnelle a affirm\u00e9 que les lois relatives \u00e0 la Chambre des repr\u00e9sentants, \u00e0 la Chambre des conseillers et \u00e0 l&rsquo;\u00e9lection des membres des conseils des collectivit\u00e9s territoriales, ne contiennent pas de dispositions contraires \u00e0 la Constitution. Dans trois arr\u00eats distincts rendus jeudi, la Cour Constitutionnelle tranche la question de la constitutionnalit\u00e9 de la [&hellip;]<\/p>\n","protected":false},"author":1763,"featured_media":0,"comment_status":"closed","ping_status":"closed","sticky":false,"template":"","format":"standard","meta":{"fifu_image_url":"","fifu_image_alt":"","footnotes":""},"categories":[78,54],"tags":[],"class_list":["post-114655","post","type-post","status-publish","format-standard","hentry","category-economie","category-maroc"],"_links":{"self":[{"href":"https:\/\/linitiative.ca\/International\/wp-json\/wp\/v2\/posts\/114655","targetHints":{"allow":["GET"]}}],"collection":[{"href":"https:\/\/linitiative.ca\/International\/wp-json\/wp\/v2\/posts"}],"about":[{"href":"https:\/\/linitiative.ca\/International\/wp-json\/wp\/v2\/types\/post"}],"author":[{"embeddable":true,"href":"https:\/\/linitiative.ca\/International\/wp-json\/wp\/v2\/users\/1763"}],"replies":[{"embeddable":true,"href":"https:\/\/linitiative.ca\/International\/wp-json\/wp\/v2\/comments?post=114655"}],"version-history":[{"count":0,"href":"https:\/\/linitiative.ca\/International\/wp-json\/wp\/v2\/posts\/114655\/revisions"}],"wp:attachment":[{"href":"https:\/\/linitiative.ca\/International\/wp-json\/wp\/v2\/media?parent=114655"}],"wp:term":[{"taxonomy":"category","embeddable":true,"href":"https:\/\/linitiative.ca\/International\/wp-json\/wp\/v2\/categories?post=114655"},{"taxonomy":"post_tag","embeddable":true,"href":"https:\/\/linitiative.ca\/International\/wp-json\/wp\/v2\/tags?post=114655"}],"curies":[{"name":"wp","href":"https:\/\/api.w.org\/{rel}","templated":true}]}}