{"id":114657,"date":"2021-04-10T13:56:36","date_gmt":"2021-04-10T17:56:36","guid":{"rendered":"https:\/\/linitiative.ca\/International\/fes-le-projet-listen-to-my-voice-est-lance\/"},"modified":"2021-04-10T13:56:36","modified_gmt":"2021-04-10T17:56:36","slug":"fes-le-projet-listen-to-my-voice-est-lance","status":"publish","type":"post","link":"https:\/\/linitiative.ca\/International\/fes-le-projet-listen-to-my-voice-est-lance\/","title":{"rendered":"F\u00e8s : Le projet \u00abListen to my voice\u00bb est lanc\u00e9"},"content":{"rendered":"<p class=\"rtejustify\">Le point focal de la visite de David Greene, Charg\u00e9 d\u2019Affaires de l\u2019Ambassade des \u00c9tats-Unis au Maroc, les 8 et 9 avril 2021 dans la r\u00e9gion de F\u00e8s, a \u00e9t\u00e9 la c\u00e9r\u00e9monie de lancement officiel de \u00abListen to my Voice\u00bb (Seme3 Souti).<\/p>\n<p class=\"rtejustify\">Ce projet qui s\u2019inscrit dans le cadre du programme d\u2019\u00e9ducation civique inclusive (ICE), et auquel l\u2019Usaid a allou\u00e9 deux millions de dollars, vise \u00e0 promouvoir la participation civique des jeunes, des femmes et des personnes en situation de handicap dans le processus d\u00e9mocratique et l\u2019inclusion politique dans les r\u00e9gions de F\u00e8s-Mekn\u00e8s, Tanger-T\u00e9touan-Al-Hoceima, Kh\u00e9nifra-B\u00e9ni Mellal et Casablanca-Settat. Pour F\u00e8s-Mekn\u00e8s, \u00e0 titre d&rsquo;exemple, ce programme est mis en \u0153uvre par l\u2019association Mouvement Alternatives Citoyennes (ALCI) dans le cadre d\u2019une subvention de 5,4 millions de DH (environ 600.000 dollars).<\/p>\n<p class=\"rtejustify\">Selon David Greene, \u00abl\u2019Usaid a \u00e9labor\u00e9 ce programme pour aider \u00e0 am\u00e9liorer la compr\u00e9hension de l\u2019op\u00e9ration d\u00e9mocratique et la promotion d\u2019un climat politique propice aux niveaux local et national\u00bb. \u00abCe programme s\u2019inscrit dans le cadre de la nouvelle strat\u00e9gie de l\u2019Usaid 2021-2023 qui tend \u00e0 appuyer les efforts de d\u00e9veloppement du Maroc et la mise en application de la r\u00e9gionalisation avanc\u00e9e\u00bb, ajoute le diplomate. Au menu de sa visite F\u00e8s, figuraient \u00e9galement des rencontres avec le wali de la r\u00e9gion Essa\u00efd Zniber et le pr\u00e9sident du conseil r\u00e9gional Mohand Laenser, ainsi que des r\u00e9unions avec un large \u00e9ventail d\u2019institutions et d\u2019organisations soutenues par les \u00c9tats-Unis.<\/p>\n<p class=\"rtejustify\">Selon l\u2019ambassade des USA, la visite de David Greene a eu lieu alors que les \u00c9tats-Unis et le Maroc c\u00e9l\u00e8brent tout au long de l\u2019ann\u00e9e en cours \u00ab200 ans d\u2019amiti\u00e9\u00bb. Les deux pays c\u00e9l\u00e8brent le bicentenaire de la l\u00e9gation am\u00e9ricaine \u00e0 Tanger, la plus ancienne propri\u00e9t\u00e9 diplomatique des \u00c9tats-Unis, via une c\u00e9l\u00e9bration d\u2019un an du partenariat culturel, \u00e9conomique et s\u00e9curitaire liant les deux pays.<\/p>\n<p class=\"rtejustify\"><em>Y.S.A<\/em><\/p>\n<p class=\"rtejustify\">\u00a0<\/p>\n<p>Auteur: mbasraoui<br \/>\n<a href=\"https:\/\/www.leconomiste.com\/flash-infos\/fes-le-projet-listen-my-voice-est-lance\">Cliquez ici pour lire l&rsquo;article depuis sa source.<\/a><\/p>\n","protected":false},"excerpt":{"rendered":"<p>Le point focal de la visite de David Greene, Charg\u00e9 d\u2019Affaires de l\u2019Ambassade des \u00c9tats-Unis au Maroc, les 8 et 9 avril 2021 dans la r\u00e9gion de F\u00e8s, a \u00e9t\u00e9 la c\u00e9r\u00e9monie de lancement officiel de \u00abListen to my Voice\u00bb (Seme3 Souti). Ce projet qui s\u2019inscrit dans le cadre du programme d\u2019\u00e9ducation civique inclusive (ICE), [&hellip;]<\/p>\n","protected":false},"author":1763,"featured_media":0,"comment_status":"closed","ping_status":"closed","sticky":false,"template":"","format":"standard","meta":{"fifu_image_url":"","fifu_image_alt":"","footnotes":""},"categories":[78,54],"tags":[],"class_list":["post-114657","post","type-post","status-publish","format-standard","hentry","category-economie","category-maroc"],"_links":{"self":[{"href":"https:\/\/linitiative.ca\/International\/wp-json\/wp\/v2\/posts\/114657","targetHints":{"allow":["GET"]}}],"collection":[{"href":"https:\/\/linitiative.ca\/International\/wp-json\/wp\/v2\/posts"}],"about":[{"href":"https:\/\/linitiative.ca\/International\/wp-json\/wp\/v2\/types\/post"}],"author":[{"embeddable":true,"href":"https:\/\/linitiative.ca\/International\/wp-json\/wp\/v2\/users\/1763"}],"replies":[{"embeddable":true,"href":"https:\/\/linitiative.ca\/International\/wp-json\/wp\/v2\/comments?post=114657"}],"version-history":[{"count":0,"href":"https:\/\/linitiative.ca\/International\/wp-json\/wp\/v2\/posts\/114657\/revisions"}],"wp:attachment":[{"href":"https:\/\/linitiative.ca\/International\/wp-json\/wp\/v2\/media?parent=114657"}],"wp:term":[{"taxonomy":"category","embeddable":true,"href":"https:\/\/linitiative.ca\/International\/wp-json\/wp\/v2\/categories?post=114657"},{"taxonomy":"post_tag","embeddable":true,"href":"https:\/\/linitiative.ca\/International\/wp-json\/wp\/v2\/tags?post=114657"}],"curies":[{"name":"wp","href":"https:\/\/api.w.org\/{rel}","templated":true}]}}