{"id":114661,"date":"2021-04-10T15:14:14","date_gmt":"2021-04-10T19:14:14","guid":{"rendered":"https:\/\/linitiative.ca\/International\/pros-ogc-nice-boudaoui-et-atal-encore-absents-deux-semaines\/"},"modified":"2021-04-10T15:14:14","modified_gmt":"2021-04-10T19:14:14","slug":"pros-ogc-nice-boudaoui-et-atal-encore-absents-deux-semaines","status":"publish","type":"post","link":"https:\/\/linitiative.ca\/International\/pros-ogc-nice-boudaoui-et-atal-encore-absents-deux-semaines\/","title":{"rendered":"Pros : OGC Nice: Boudaoui et Atal encore absents deux semaines ?"},"content":{"rendered":"<div readability=\"32\">\n<p>Auteur : <span class=\"time\">samedi 10 avril 2021 16:04<\/span><\/p>\n<\/div>\n<div id=\"post_core\" readability=\"53\">\n<p>Chose inhabituelle pour lui, l&rsquo;entra\u00eeneur de Nice Adrian Ursea n&rsquo;a eu \u00e0 d\u00e9plorer aucune nouvelle absence cette semaine, \u00e0 l&rsquo;approche de la r\u00e9ception de Reims, ce dimanche. Il pourra m\u00eame b\u00e9n\u00e9ficier du retour de suspension de Morgan Schneiderlin, qui sera donc en concurrence avec Khephren Thuram, Pierre Lees-Melou et Alexis Claude-Maurice pour les trois places du milieu. \u00a0\u00ab Mon choix sera toujours guid\u00e9 par le bien de l&rsquo;\u00e9quipe, a rappel\u00e9 le technicien ce vendredi. Mon crit\u00e8re a toujours \u00e9t\u00e9 celui-l\u00e0. Je pense aux aspects tactiques, aux compl\u00e9mentarit\u00e9s, aux probl\u00e8mes que l&rsquo;adversaire peut nous poser, \u00e0 la forme de chacun&#8230; Quoi qu&rsquo;il en soit, ma d\u00e9cision ne sera pas influenc\u00e9e par le statut du joueur. \u00bb Du c\u00f4t\u00e9 des absents ni\u00e7ois, on retrouve toujours Dante (ligament crois\u00e9 ant\u00e9rieur), Jeff Reine-Adela\u00efde (ligament crois\u00e9 ant\u00e9rieur), Hicham Boudaoui (m\u00e9nisque) et Youcef Atal (adducteurs). Ces deux derniers \u00ab sont en r\u00e9athl\u00e9tisation \u00bb, a pr\u00e9cis\u00e9 Ursea. \u00ab On pense les revoir vite, a compl\u00e9t\u00e9 l&rsquo;entra\u00eeneur roumain. Il y a une petite possibilit\u00e9 de les avoir la semaine prochaine. Sinon, on a de bons espoirs de les avoir avec nous d&rsquo;ici deux semaines.\u00bbrapporte l\u2019Equipe.fr.<\/p>\n<p><strong>Publi\u00e9 dans :<\/strong> <span>Atal<\/span> <span>Boudaoui<\/span><\/p>\n<\/div>\n<p>Auteur:<br \/>\n<a href=\"http:\/\/www.lebuteur.com\/article\/detail?titre=ogc-nice-boudaoui-et-atal-encore-absents-deux-semaines&#038;id=99677&#038;utm_source=feedburner&#038;utm_medium=feed&#038;utm_campaign=Feed%3A+GalerieFArtciles+%28Les+derniers+articles++-+lebuteur.com%29\">Cliquez ici pour lire l&rsquo;article depuis sa source.<\/a><\/p>\n","protected":false},"excerpt":{"rendered":"<p>Auteur : samedi 10 avril 2021 16:04 Chose inhabituelle pour lui, l&rsquo;entra\u00eeneur de Nice Adrian Ursea n&rsquo;a eu \u00e0 d\u00e9plorer aucune nouvelle absence cette semaine, \u00e0 l&rsquo;approche de la r\u00e9ception de Reims, ce dimanche. Il pourra m\u00eame b\u00e9n\u00e9ficier du retour de suspension de Morgan Schneiderlin, qui sera donc en concurrence avec Khephren Thuram, Pierre Lees-Melou [&hellip;]<\/p>\n","protected":false},"author":1738,"featured_media":0,"comment_status":"closed","ping_status":"closed","sticky":false,"template":"","format":"standard","meta":{"fifu_image_url":"\/\/cdn.lebuteur.com\/data\/images\/article\/thumbs\/large-ogc-nice-boudaoui-et-atal-encore-absents-deux-semaines-cc118.jpg","fifu_image_alt":"Pros : OGC Nice: Boudaoui et Atal encore absents deux semaines ?","footnotes":""},"categories":[53,75],"tags":[],"class_list":["post-114661","post","type-post","status-publish","format-standard","hentry","category-algerie","category-sport"],"_links":{"self":[{"href":"https:\/\/linitiative.ca\/International\/wp-json\/wp\/v2\/posts\/114661","targetHints":{"allow":["GET"]}}],"collection":[{"href":"https:\/\/linitiative.ca\/International\/wp-json\/wp\/v2\/posts"}],"about":[{"href":"https:\/\/linitiative.ca\/International\/wp-json\/wp\/v2\/types\/post"}],"author":[{"embeddable":true,"href":"https:\/\/linitiative.ca\/International\/wp-json\/wp\/v2\/users\/1738"}],"replies":[{"embeddable":true,"href":"https:\/\/linitiative.ca\/International\/wp-json\/wp\/v2\/comments?post=114661"}],"version-history":[{"count":0,"href":"https:\/\/linitiative.ca\/International\/wp-json\/wp\/v2\/posts\/114661\/revisions"}],"wp:attachment":[{"href":"https:\/\/linitiative.ca\/International\/wp-json\/wp\/v2\/media?parent=114661"}],"wp:term":[{"taxonomy":"category","embeddable":true,"href":"https:\/\/linitiative.ca\/International\/wp-json\/wp\/v2\/categories?post=114661"},{"taxonomy":"post_tag","embeddable":true,"href":"https:\/\/linitiative.ca\/International\/wp-json\/wp\/v2\/tags?post=114661"}],"curies":[{"name":"wp","href":"https:\/\/api.w.org\/{rel}","templated":true}]}}