{"id":114662,"date":"2021-04-10T15:14:17","date_gmt":"2021-04-10T19:14:17","guid":{"rendered":"https:\/\/linitiative.ca\/International\/afrique-ligue-des-champions-gr-b-6e-j-le-mc-alger-rejoint-le-cr-belouizdad-en-quarts-de-finale\/"},"modified":"2021-04-10T15:14:17","modified_gmt":"2021-04-10T19:14:17","slug":"afrique-ligue-des-champions-gr-b-6e-j-le-mc-alger-rejoint-le-cr-belouizdad-en-quarts-de-finale","status":"publish","type":"post","link":"https:\/\/linitiative.ca\/International\/afrique-ligue-des-champions-gr-b-6e-j-le-mc-alger-rejoint-le-cr-belouizdad-en-quarts-de-finale\/","title":{"rendered":"Afrique : Ligue des champions \u2013 Gr. B (6e J): le MC Alger rejoint le CR Belouizdad en quarts de finale"},"content":{"rendered":"<div readability=\"32\">\n<p>Auteur : <span class=\"time\">samedi 10 avril 2021 19:06<\/span><\/p>\n<\/div>\n<div id=\"post_core\" readability=\"48\">\n<p>Le MC Alger s\u2019est qualifi\u00e9 pour les quarts de finale de la Ligue des Champions d\u2019Afrique apr\u00e8s son match nul ramen\u00e9 de Rad\u00e8s face \u00e0 la formation tunisienne de l\u2019ES Tunis (1-1), ce samedi, \u00e0 l\u2019occasion de la 6e et derni\u00e8re journ\u00e9e (groupe D) de la phase de poules. 41 ans apr\u00e8s, le Doyen est en quarts de finale de la Ligue des Champions d\u2019Afrique. Apr\u00e8s avoir rat\u00e9 la qualification \u00e0 Alger, en s\u2019inclinant face aux Egyptiens du Zamalek, les Vert et Rouge ont r\u00e9ussi \u00e0 ramener le petit point qui leur manque en tenant en \u00e9chec une \u00e9quipe de l\u2019Esp\u00e9rance d\u00e9j\u00e0 qualifi\u00e9e. Premiers \u00e0 ouvrir le score, les Tunisiens ont d\u00e9bloqu\u00e9 la situation \u00e0 la 31e minute par l\u2019entremise de Ben kahlifa. De leur c\u00f4t\u00e9, les mouloud\u00e9ens ont nivel\u00e9 la marque \u00e0 la 68e minute par l\u2019interm\u00e9diaire de Belkheir. \u00c0 la faveur de ce score, le MCA termine second du quatuor D (9 pts), derri\u00e8re l\u2019EST (11 pts). Dans l\u2019autre partie, le Zamalek s\u2019est largement impos\u00e9 face aux les S\u00e9n\u00e9galais du Teungueth FC (4-1). Toutefois, cette victoire du finaliste de la derni\u00e8re \u00e9dition n\u2019a pas \u00e9t\u00e9 suffisante pour lui permettre de continuer l\u2019aventure.<\/p>\n<p><strong>Publi\u00e9 dans :<\/strong> <span>MC Alger<\/span> <span>CR Belouizdad<\/span><\/p>\n<\/div>\n<p>Auteur:<br \/>\n<a href=\"http:\/\/www.lebuteur.com\/article\/detail?titre=ligue-des-champions-gr-b-6e-j-le-mc-alger-rejoint-le-cr-belouizdad-en-quarts-de-finale&#038;id=99678&#038;utm_source=feedburner&#038;utm_medium=feed&#038;utm_campaign=Feed%3A+GalerieFArtciles+%28Les+derniers+articles++-+lebuteur.com%29\">Cliquez ici pour lire l&rsquo;article depuis sa source.<\/a><\/p>\n","protected":false},"excerpt":{"rendered":"<p>Auteur : samedi 10 avril 2021 19:06 Le MC Alger s\u2019est qualifi\u00e9 pour les quarts de finale de la Ligue des Champions d\u2019Afrique apr\u00e8s son match nul ramen\u00e9 de Rad\u00e8s face \u00e0 la formation tunisienne de l\u2019ES Tunis (1-1), ce samedi, \u00e0 l\u2019occasion de la 6e et derni\u00e8re journ\u00e9e (groupe D) de la phase de [&hellip;]<\/p>\n","protected":false},"author":1738,"featured_media":0,"comment_status":"closed","ping_status":"closed","sticky":false,"template":"","format":"standard","meta":{"fifu_image_url":"\/\/cdn.lebuteur.com\/data\/images\/article\/thumbs\/large-99678ligue-des-champions-gr-b-6e-j-le-mc-alger-rejoint-le-cr-belouizdad-en-quarts-de-finale-dba26.jpg","fifu_image_alt":"Afrique : Ligue des champions \u2013 Gr. B (6e J): le MC Alger rejoint le CR Belouizdad en quarts de finale","footnotes":""},"categories":[53,75],"tags":[],"class_list":["post-114662","post","type-post","status-publish","format-standard","hentry","category-algerie","category-sport"],"_links":{"self":[{"href":"https:\/\/linitiative.ca\/International\/wp-json\/wp\/v2\/posts\/114662","targetHints":{"allow":["GET"]}}],"collection":[{"href":"https:\/\/linitiative.ca\/International\/wp-json\/wp\/v2\/posts"}],"about":[{"href":"https:\/\/linitiative.ca\/International\/wp-json\/wp\/v2\/types\/post"}],"author":[{"embeddable":true,"href":"https:\/\/linitiative.ca\/International\/wp-json\/wp\/v2\/users\/1738"}],"replies":[{"embeddable":true,"href":"https:\/\/linitiative.ca\/International\/wp-json\/wp\/v2\/comments?post=114662"}],"version-history":[{"count":0,"href":"https:\/\/linitiative.ca\/International\/wp-json\/wp\/v2\/posts\/114662\/revisions"}],"wp:attachment":[{"href":"https:\/\/linitiative.ca\/International\/wp-json\/wp\/v2\/media?parent=114662"}],"wp:term":[{"taxonomy":"category","embeddable":true,"href":"https:\/\/linitiative.ca\/International\/wp-json\/wp\/v2\/categories?post=114662"},{"taxonomy":"post_tag","embeddable":true,"href":"https:\/\/linitiative.ca\/International\/wp-json\/wp\/v2\/tags?post=114662"}],"curies":[{"name":"wp","href":"https:\/\/api.w.org\/{rel}","templated":true}]}}