{"id":114665,"date":"2021-04-10T07:00:00","date_gmt":"2021-04-10T11:00:00","guid":{"rendered":"https:\/\/linitiative.ca\/International\/le-bardo-se-met-a-lintelligence-artificielle\/"},"modified":"2021-04-10T07:00:00","modified_gmt":"2021-04-10T11:00:00","slug":"le-bardo-se-met-a-lintelligence-artificielle","status":"publish","type":"post","link":"https:\/\/linitiative.ca\/International\/le-bardo-se-met-a-lintelligence-artificielle\/","title":{"rendered":"Le Bardo se met \u00e0 l\u2019intelligence artificielle"},"content":{"rendered":"<p>Il n\u2019y a pas que le mus\u00e9e du Bardo qui s\u2019offre aux visiteurs f\u00e9rus d\u2019histoire et de patrimoine. L\u2019ancien palais beylical husseinite, qui tient lieu de si\u00e8ge au Parlement, s\u2019y met lui aussi. Tout un programme de conservation d\u2019\u0153uvres d\u2019art, de visite guid\u00e9e et d\u2019un mus\u00e9e parlementaire se poursuit activement. En parall\u00e8le, le projet de digitalisation, initi\u00e9 en 2017 sous la pr\u00e9sidence de Mohamed Ennaceur, conna\u00eet de nouveaux d\u00e9veloppements. D\u00e9j\u00e0, les d\u00e9bats parlementaires, depuis la constituante de 2011, ont \u00e9t\u00e9 int\u00e9gralement saisis, convertis sous format Word et num\u00e9ris\u00e9s, soit pas moins de 44.000 pages. Leur consultation devient ainsi possible selon de nombreuses entr\u00e9es : par d\u00e9put\u00e9, th\u00e8me, date, mots-cl\u00e9s, etc. Une application de retranscription automatique des d\u00e9bats, int\u00e9grant l\u2019arabe, le fran\u00e7ais et la dareja, est quasi finalis\u00e9e, tout comme d\u2019autres applications d\u2019intelligence artificielle.<\/p>\n<p class=\"c2\"><a href=\"https:\/\/www.leaders.com.tn\/le_mensuel_abonnez_vous\" target=\"_blank\" rel=\"noopener\"><img loading=\"lazy\" decoding=\"async\" src=\"\/uploads\/FCK_files\/Bandeau-Leaders(3).jpg\" alt=\"\" width=\"500\" vspace=\"5\" hspace=\"5\" height=\"128\" align=\"middle\"\/><\/a><\/p>\n<p>\u00a0<\/p>\n<p>Auteur:<br \/>\n<a href=\"https:\/\/www.leaders.com.tn\/article\/31697-le-bardo-se-met-a-l-intelligence-artificielle\">Cliquez ici pour lire l&rsquo;article depuis sa source.<\/a><\/p>\n","protected":false},"excerpt":{"rendered":"<p>Il n\u2019y a pas que le mus\u00e9e du Bardo qui s\u2019offre aux visiteurs f\u00e9rus d\u2019histoire et de patrimoine. L\u2019ancien palais beylical husseinite, qui tient lieu de si\u00e8ge au Parlement, s\u2019y met lui aussi. Tout un programme de conservation d\u2019\u0153uvres d\u2019art, de visite guid\u00e9e et d\u2019un mus\u00e9e parlementaire se poursuit activement. En parall\u00e8le, le projet de [&hellip;]<\/p>\n","protected":false},"author":1772,"featured_media":0,"comment_status":"closed","ping_status":"closed","sticky":false,"template":"","format":"standard","meta":{"fifu_image_url":"\/uploads\/FCK_files\/Bandeau-Leaders(3).jpg","fifu_image_alt":"Le Bardo se met \u00e0 l\u2019intelligence artificielle","footnotes":""},"categories":[73,55],"tags":[],"class_list":["post-114665","post","type-post","status-publish","format-standard","hentry","category-actualite","category-tunisie"],"_links":{"self":[{"href":"https:\/\/linitiative.ca\/International\/wp-json\/wp\/v2\/posts\/114665","targetHints":{"allow":["GET"]}}],"collection":[{"href":"https:\/\/linitiative.ca\/International\/wp-json\/wp\/v2\/posts"}],"about":[{"href":"https:\/\/linitiative.ca\/International\/wp-json\/wp\/v2\/types\/post"}],"author":[{"embeddable":true,"href":"https:\/\/linitiative.ca\/International\/wp-json\/wp\/v2\/users\/1772"}],"replies":[{"embeddable":true,"href":"https:\/\/linitiative.ca\/International\/wp-json\/wp\/v2\/comments?post=114665"}],"version-history":[{"count":0,"href":"https:\/\/linitiative.ca\/International\/wp-json\/wp\/v2\/posts\/114665\/revisions"}],"wp:attachment":[{"href":"https:\/\/linitiative.ca\/International\/wp-json\/wp\/v2\/media?parent=114665"}],"wp:term":[{"taxonomy":"category","embeddable":true,"href":"https:\/\/linitiative.ca\/International\/wp-json\/wp\/v2\/categories?post=114665"},{"taxonomy":"post_tag","embeddable":true,"href":"https:\/\/linitiative.ca\/International\/wp-json\/wp\/v2\/tags?post=114665"}],"curies":[{"name":"wp","href":"https:\/\/api.w.org\/{rel}","templated":true}]}}