{"id":114669,"date":"2021-04-10T06:00:00","date_gmt":"2021-04-10T10:00:00","guid":{"rendered":"https:\/\/linitiative.ca\/International\/la-note-de-ouadjaout\/"},"modified":"2021-04-10T06:00:00","modified_gmt":"2021-04-10T10:00:00","slug":"la-note-de-ouadjaout","status":"publish","type":"post","link":"https:\/\/linitiative.ca\/International\/la-note-de-ouadjaout\/","title":{"rendered":"La note de Ouadjaout"},"content":{"rendered":"<p class=\"c3\">Le minist\u00e8re de l&rsquo;\u00c9ducation nationale a envoy\u00e9 une note \u00e0 l&rsquo;ensemble des directeurs de l&rsquo;\u00e9ducation, leur demandant de cesser toutes actions devant mener \u00e0 poursuivre en justice des syndicalistes. Le d\u00e9partement de Ouadjaout pr\u00e9cise que toute initiative dans ce cadre devait obligatoirement recevoir l&rsquo;aval pr\u00e9alable de l\u2019administration centrale, faisant remarquer que plusieurs actions d\u00e9j\u00e0 intent\u00e9es n&rsquo;avaient pas \u00e9t\u00e9 faites dans le strict respect des proc\u00e9dures.<\/p>\n<p>Auteur:<br \/>\n<a href=\"https:\/\/www.lesoirdalgerie.com\/periscoop\/la-note-de-ouadjaout-59298\">Cliquez ici pour lire l&rsquo;article depuis sa source.<\/a><\/p>\n","protected":false},"excerpt":{"rendered":"<p>Le minist\u00e8re de l&rsquo;\u00c9ducation nationale a envoy\u00e9 une note \u00e0 l&rsquo;ensemble des directeurs de l&rsquo;\u00e9ducation, leur demandant de cesser toutes actions devant mener \u00e0 poursuivre en justice des syndicalistes. Le d\u00e9partement de Ouadjaout pr\u00e9cise que toute initiative dans ce cadre devait obligatoirement recevoir l&rsquo;aval pr\u00e9alable de l\u2019administration centrale, faisant remarquer que plusieurs actions d\u00e9j\u00e0 intent\u00e9es [&hellip;]<\/p>\n","protected":false},"author":1741,"featured_media":0,"comment_status":"closed","ping_status":"closed","sticky":false,"template":"","format":"standard","meta":{"fifu_image_url":"","fifu_image_alt":"","footnotes":""},"categories":[73,53],"tags":[],"class_list":["post-114669","post","type-post","status-publish","format-standard","hentry","category-actualite","category-algerie"],"_links":{"self":[{"href":"https:\/\/linitiative.ca\/International\/wp-json\/wp\/v2\/posts\/114669","targetHints":{"allow":["GET"]}}],"collection":[{"href":"https:\/\/linitiative.ca\/International\/wp-json\/wp\/v2\/posts"}],"about":[{"href":"https:\/\/linitiative.ca\/International\/wp-json\/wp\/v2\/types\/post"}],"author":[{"embeddable":true,"href":"https:\/\/linitiative.ca\/International\/wp-json\/wp\/v2\/users\/1741"}],"replies":[{"embeddable":true,"href":"https:\/\/linitiative.ca\/International\/wp-json\/wp\/v2\/comments?post=114669"}],"version-history":[{"count":0,"href":"https:\/\/linitiative.ca\/International\/wp-json\/wp\/v2\/posts\/114669\/revisions"}],"wp:attachment":[{"href":"https:\/\/linitiative.ca\/International\/wp-json\/wp\/v2\/media?parent=114669"}],"wp:term":[{"taxonomy":"category","embeddable":true,"href":"https:\/\/linitiative.ca\/International\/wp-json\/wp\/v2\/categories?post=114669"},{"taxonomy":"post_tag","embeddable":true,"href":"https:\/\/linitiative.ca\/International\/wp-json\/wp\/v2\/tags?post=114669"}],"curies":[{"name":"wp","href":"https:\/\/api.w.org\/{rel}","templated":true}]}}