{"id":114670,"date":"2021-04-10T06:00:00","date_gmt":"2021-04-10T10:00:00","guid":{"rendered":"https:\/\/linitiative.ca\/International\/alimenter-la-memoire-collective-pour-empecher-sa-paralysie\/"},"modified":"2021-04-10T06:00:00","modified_gmt":"2021-04-10T10:00:00","slug":"alimenter-la-memoire-collective-pour-empecher-sa-paralysie","status":"publish","type":"post","link":"https:\/\/linitiative.ca\/International\/alimenter-la-memoire-collective-pour-empecher-sa-paralysie\/","title":{"rendered":"Alimenter la m\u00e9moire collective pour emp\u00eacher sa paralysie !"},"content":{"rendered":"<p class=\"c3\">D\u2019aucuns estiment que leurs agressions sont de bonne guerre puisqu\u2019elles rel\u00e8vent d\u2019un d\u00e9bat entre courants politiques fortement enracin\u00e9s dans la soci\u00e9t\u00e9. Le comportement qui choquerait peut-\u00eatre le plus, aujourd\u2019hui, serait celui d\u2019une administration vilipend\u00e9e pour ses manquements au devoir de servir la communaut\u00e9 au sens le plus g\u00e9n\u00e9reux du terme et qui, pourtant, ne peut s\u2019emp\u00eacher de baliser le terrain aux chefs barbares qui la vouent aux g\u00e9monies. D\u2019anciens ma\u00eetres \u00e9gorgeurs qui disposent de fid\u00e8les en leur sein et travaillent \u00e0 r\u00e9orienter ses priorit\u00e9s, sans qu\u2019elle ait conscience de l\u2019aide qu\u2019elle apporte au projet antid\u00e9mocratique de la dawla islamia en attente de r\u00e8gne. Lorsque l\u2019on \u00e9voque les contestations hebdomadaires qui s\u2019expriment les mardis et vendredis dans un pacifisme ambiant, c\u2019est pour attester de leur caract\u00e8re l\u00e9gitime. Chaque Alg\u00e9rien a tous les droits de s\u2019exprimer librement sur ce qui ne va pas et m\u00e9rite d\u2019\u00eatre proscrit. Pas les barbares, les violeurs et \u00e9gorgeurs d\u2019hier qui ont d\u00e9capit\u00e9 et livr\u00e9 les corps d\u00e9membr\u00e9s au d\u00e9cha\u00eenement d\u2019une faune sauvage dont ils se repaissaient \u00e0 leur tour en cas de besoin. Pas leurs chefs planqu\u00e9s outre-mer qui ont applaudi et avalis\u00e9 les carnages commis sans \u00e9tat d\u2019\u00e2me ni distinction entre civils, militaires, entre populations rurales ou urbaines, entre nantis et d\u00e9munis. Le sang de plus de 200 000 Alg\u00e9riens a coul\u00e9 \u00e0 travers le territoire national et voil\u00e0 que des bouchers planqu\u00e9s outre-M\u00e9diterran\u00e9e jouent aux victimes. Leur meilleur alli\u00e9 au plus haut sommet de l\u2019Etat\u00a0 a, pour les laver des tueries \u00e0 grande \u00e9chelle, impos\u00e9 une r\u00e9conciliation d\u2019un genre in\u00e9dit \u00e0 ceux qui ont v\u00e9cu dans leur chair les effets barbares de ses alli\u00e9s. Comment oublier la d\u00e9testation prononc\u00e9e d\u2019un Bouteflika pour un peuple contre lequel il \u00e9tait s\u00e9rieusement remont\u00e9 et dont le m\u00e9galomane qu\u2019il \u00e9tait, et qui doit toujours l\u2019\u00eatre d\u2019ailleurs, estimait qu\u2019il ne le m\u00e9ritait pas ? Quand on a \u00e9cum\u00e9 les cimeti\u00e8res et ras\u00e9 les murs sans savoir \u00e0 chaque nuit o\u00f9 poser son baluchon, on ne peut pas rejoindre la meute qui appelle au d\u00e9bat \u00e9largi \u00e0 des chefs assassins.\u00a0<br \/><em><strong>M. B.\u00a0<\/strong><\/em><\/p>\n<p>Auteur:<br \/>\n<a href=\"https:\/\/www.lesoirdalgerie.com\/soit-dit-en-passant\/alimenter-la-memoire-collective-pour-empecher-sa-paralysie-59297\">Cliquez ici pour lire l&rsquo;article depuis sa source.<\/a><\/p>\n","protected":false},"excerpt":{"rendered":"<p>D\u2019aucuns estiment que leurs agressions sont de bonne guerre puisqu\u2019elles rel\u00e8vent d\u2019un d\u00e9bat entre courants politiques fortement enracin\u00e9s dans la soci\u00e9t\u00e9. Le comportement qui choquerait peut-\u00eatre le plus, aujourd\u2019hui, serait celui d\u2019une administration vilipend\u00e9e pour ses manquements au devoir de servir la communaut\u00e9 au sens le plus g\u00e9n\u00e9reux du terme et qui, pourtant, ne peut [&hellip;]<\/p>\n","protected":false},"author":1741,"featured_media":0,"comment_status":"closed","ping_status":"closed","sticky":false,"template":"","format":"standard","meta":{"fifu_image_url":"","fifu_image_alt":"","footnotes":""},"categories":[73,53],"tags":[],"class_list":["post-114670","post","type-post","status-publish","format-standard","hentry","category-actualite","category-algerie"],"_links":{"self":[{"href":"https:\/\/linitiative.ca\/International\/wp-json\/wp\/v2\/posts\/114670","targetHints":{"allow":["GET"]}}],"collection":[{"href":"https:\/\/linitiative.ca\/International\/wp-json\/wp\/v2\/posts"}],"about":[{"href":"https:\/\/linitiative.ca\/International\/wp-json\/wp\/v2\/types\/post"}],"author":[{"embeddable":true,"href":"https:\/\/linitiative.ca\/International\/wp-json\/wp\/v2\/users\/1741"}],"replies":[{"embeddable":true,"href":"https:\/\/linitiative.ca\/International\/wp-json\/wp\/v2\/comments?post=114670"}],"version-history":[{"count":0,"href":"https:\/\/linitiative.ca\/International\/wp-json\/wp\/v2\/posts\/114670\/revisions"}],"wp:attachment":[{"href":"https:\/\/linitiative.ca\/International\/wp-json\/wp\/v2\/media?parent=114670"}],"wp:term":[{"taxonomy":"category","embeddable":true,"href":"https:\/\/linitiative.ca\/International\/wp-json\/wp\/v2\/categories?post=114670"},{"taxonomy":"post_tag","embeddable":true,"href":"https:\/\/linitiative.ca\/International\/wp-json\/wp\/v2\/tags?post=114670"}],"curies":[{"name":"wp","href":"https:\/\/api.w.org\/{rel}","templated":true}]}}