{"id":114676,"date":"2021-04-10T02:32:12","date_gmt":"2021-04-10T06:32:12","guid":{"rendered":"https:\/\/linitiative.ca\/International\/cameroun-carnet-noir-deces-du-senateur-nfon-victor-mukete\/"},"modified":"2021-04-10T02:32:12","modified_gmt":"2021-04-10T06:32:12","slug":"cameroun-carnet-noir-deces-du-senateur-nfon-victor-mukete","status":"publish","type":"post","link":"https:\/\/linitiative.ca\/International\/cameroun-carnet-noir-deces-du-senateur-nfon-victor-mukete\/","title":{"rendered":"Cameroun \u2013 carnet noir : d\u00e9c\u00e8s du S\u00e9nateur Nfon Victor Mukete"},"content":{"rendered":"<div readability=\"32\">\n<p>Publi\u00e9 le 10.04.2021 \u00e0 07h32 par Christian Djimadeu<\/p>\n<\/div>\n<div readability=\"48\">\n<h5 class=\"c9\">Le doyen d\u2019\u00e2ge du s\u00e9nat (103 ans), est d\u00e9c\u00e9d\u00e9 des suites d\u2019une longue maladie\u00a0 ce 10 avril dans un h\u00f4pital de la capitale Yaound\u00e9.<\/h5>\n<p class=\"c10\">Le Doyen du S\u00e9nat Nfon Victor Eseme Mukete est d\u00e9c\u00e9d\u00e9 ce 10 avril 2021 des suites de longue maladie.<\/p>\n<p class=\"c10\">Le doyen d\u2019\u00e2ge du S\u00e9nat \u00e9tait par ailleurs chef supr\u00eame des Bafaw dans la r\u00e9gion du Sud-ouest. Il c\u00e8de le tr\u00f4ne \u00e0 son fils Ekoko IV Mukete.<\/p>\n<p class=\"c10\">Acteur majeur de la r\u00e9unification dans les ann\u00e9es 1960, Victor E. Mukete \u00e9tait, l\u2019un des gardiens de la m\u00e9moire du pays et auteur du livre \u00ab Mon Odyss\u00e9e : histoire de la r\u00e9unification du Cameroun \u00bb.<\/p>\n<p class=\"c10\">En 24 heures, le Cameroun perd trois hautes personnalit\u00e9s. Hier ce f\u00fbt l\u2019ancien Directeur g\u00e9n\u00e9ral de la CRTV le professeur\u00a0 Gervais Mendo Ze, et l\u2019ancien\u00a0 ministre des Travaux publics Martin Aristide Okouda.<\/p>\n<\/div>\n<p>Auteur: Christian DJIMADEU<br \/>\n<a href=\"https:\/\/www.journalducameroun.com\/cameroun-carnet-noir-deces-du-senateur-nfon-victor-mukete\/\">Cliquez ici pour lire l&rsquo;article depuis sa source.<\/a><\/p>\n","protected":false},"excerpt":{"rendered":"<p>Publi\u00e9 le 10.04.2021 \u00e0 07h32 par Christian Djimadeu Le doyen d\u2019\u00e2ge du s\u00e9nat (103 ans), est d\u00e9c\u00e9d\u00e9 des suites d\u2019une longue maladie\u00a0 ce 10 avril dans un h\u00f4pital de la capitale Yaound\u00e9. Le Doyen du S\u00e9nat Nfon Victor Eseme Mukete est d\u00e9c\u00e9d\u00e9 ce 10 avril 2021 des suites de longue maladie. Le doyen d\u2019\u00e2ge du [&hellip;]<\/p>\n","protected":false},"author":1965,"featured_media":0,"comment_status":"closed","ping_status":"closed","sticky":false,"template":"","format":"standard","meta":{"fifu_image_url":"","fifu_image_alt":"","footnotes":""},"categories":[73,82],"tags":[],"class_list":["post-114676","post","type-post","status-publish","format-standard","hentry","category-actualite","category-cameroun"],"_links":{"self":[{"href":"https:\/\/linitiative.ca\/International\/wp-json\/wp\/v2\/posts\/114676","targetHints":{"allow":["GET"]}}],"collection":[{"href":"https:\/\/linitiative.ca\/International\/wp-json\/wp\/v2\/posts"}],"about":[{"href":"https:\/\/linitiative.ca\/International\/wp-json\/wp\/v2\/types\/post"}],"author":[{"embeddable":true,"href":"https:\/\/linitiative.ca\/International\/wp-json\/wp\/v2\/users\/1965"}],"replies":[{"embeddable":true,"href":"https:\/\/linitiative.ca\/International\/wp-json\/wp\/v2\/comments?post=114676"}],"version-history":[{"count":0,"href":"https:\/\/linitiative.ca\/International\/wp-json\/wp\/v2\/posts\/114676\/revisions"}],"wp:attachment":[{"href":"https:\/\/linitiative.ca\/International\/wp-json\/wp\/v2\/media?parent=114676"}],"wp:term":[{"taxonomy":"category","embeddable":true,"href":"https:\/\/linitiative.ca\/International\/wp-json\/wp\/v2\/categories?post=114676"},{"taxonomy":"post_tag","embeddable":true,"href":"https:\/\/linitiative.ca\/International\/wp-json\/wp\/v2\/tags?post=114676"}],"curies":[{"name":"wp","href":"https:\/\/api.w.org\/{rel}","templated":true}]}}