{"id":114677,"date":"2021-04-10T06:18:01","date_gmt":"2021-04-10T10:18:01","guid":{"rendered":"https:\/\/linitiative.ca\/International\/macky-sall-et-emigration-en-vedette-dans-la-presse-senegalaise\/"},"modified":"2021-04-10T06:18:01","modified_gmt":"2021-04-10T10:18:01","slug":"macky-sall-et-emigration-en-vedette-dans-la-presse-senegalaise","status":"publish","type":"post","link":"https:\/\/linitiative.ca\/International\/macky-sall-et-emigration-en-vedette-dans-la-presse-senegalaise\/","title":{"rendered":"Macky Sall et \u00e9migration en vedette dans la presse s\u00e9n\u00e9galaise"},"content":{"rendered":"<div readability=\"32\">\n<p>Publi\u00e9 le 10.04.2021 \u00e0 11h18 par APA News<\/p>\n<\/div>\n<div readability=\"108\">\n<p>Les quotidiens s\u00e9n\u00e9galais parvenus samedi \u00e0 APA traitent principalement des propos tenus par Macky Sall lors de la visite dans le pays hier du Premier ministre espagnol, Pedro Sanchez.A propos de l\u2019accord sur l\u2019\u00e9migration encadr\u00e9e entre le S\u00e9n\u00e9gal et l\u2019Espagne, Le Quotidien note que c\u2019est la \u00ab\u00a0saison 2\u00a0\u00bb de Dakar et Madrid. Le Royaume est en effet pr\u00eat \u00ab\u00a0accueillir une main d\u2019oeuvre saisonni\u00e8re\u00a0\u00bb.<\/p>\n<p>Walf Quotidien indique ainsi que \u00ab\u00a0Dakar et Madrid concluent un deal\u00a0\u00bb, montrant dans une photo d\u2019illustration le pr\u00e9sident s\u00e9n\u00e9galais et celui du gouvernement espagnol marcher c\u00f4te \u00e0 c\u00f4te sur le tapis rouge du palais de la R\u00e9publique s\u00e9n\u00e9galaise.<\/p>\n<p>Lors de la signature de cet accord, le chef de l\u2019\u00c9tat en a profit\u00e9 pour d\u00e9mentir les suppos\u00e9s d\u00e9tournements de fonds de l\u2019Union europ\u00e9enne (UE) destin\u00e9s \u00e0 la migration. \u00ab\u00a0Le pr\u00e9sident Macky Sall parle d\u2019affabulation\u00a0\u00bb, selon Le Soleil.<\/p>\n<p>\u00ab\u00a0C\u2019est de la d\u00e9sinformation contre l\u2019\u00c9tat du S\u00e9n\u00e9gal\u00a0\u00bb, peste-t-il dans Les \u00c9chos contre son compatriote et pr\u00e9sident de l\u2019ONG Horizons Sans Fronti\u00e8res, Boubacar S\u00e8ye, qui avait m\u00eame r\u00e9cemment \u00e9t\u00e9 arr\u00eat\u00e9 pour ces accusations.<\/p>\n<p>Ainsi, \u00ab\u00a0Macky sort de ses gonds\u00a0\u00bb et \u00ab\u00a0le d\u00e9ment\u00a0\u00bb, d\u2019apr\u00e8s Sud Quotidien et Vox Populi. \u00ab\u00a0C\u2019est une affabulation, de la diffamation, c\u2019est irresponsable\u00a0\u00bb, a-t-il charg\u00e9 de nouveau.<\/p>\n<p>Toutefois, \u00ab\u00a0Boubacar S\u00e8ye persiste et d\u00e9ment \u00e0 son tour\u00a0\u00bb le pr\u00e9sident Sall dans Vox Populi. \u00ab\u00a0Je n\u2019ai jamais \u00e9crit au pr\u00e9sident, il se trompe de personne. (\u2026) Je ne peux pas inventer \u00e7a, m\u00eame les enqu\u00eateurs ont re\u00e7u le rapport de l\u2019UE\u00a0\u00bb, a-t-il soulign\u00e9.\u00a0<\/p>\n<p>Sur un autre sujet, Lib\u00e9ration informe que le S\u00e9n\u00e9gal est attrait devant la Cour de justice de la Cedeao pour le scandale du \u00ab\u00a0Dirty Diesel\u00a0\u00bb. Une plainte \u00e0 \u00e9t\u00e9 d\u00e9pos\u00e9e en effet par la Ligue s\u00e9n\u00e9galaise des droits humains.\u00a0<\/p>\n<p>Les \u00c9chos souligne pour sa part que le S\u00e9n\u00e9gal est \u00ab\u00a0plac\u00e9 sous surveillance accrue\u00a0\u00bb dans la lutte contre le blanchiment d\u2019argent et le financement du terrorisme. La raison selon le journal est \u00ab\u00a0le manque de mise en \u0153uvre efficace de leur cadre de lutte\u00a0\u00bb contre ces deux fl\u00e9aux.\u00a0<\/p>\n<p>Sur un autre sujet, L\u2019AS rapporte que l\u2019Autorit\u00e9 de r\u00e9gulation des t\u00e9l\u00e9communications et des postes (ARTP) \u00ab\u00a0met en demeure Sonatel et Free\u00a0\u00bb pour fraudes et retards sur la portabilit\u00e9 des num\u00e9ros.<\/p>\n<p>Le journal reprend \u00e9galement le secr\u00e9taire d\u2019\u00c9tat au r\u00e9seau ferroviaire, Mayacine Camara, qui informe que \u00ab\u00a0le train va siffler \u00e0 Tamba (est) d\u2019ici fin d\u00e9cembre\u00a0\u00bb. De m\u00eame, \u00ab\u00a0je pense que valablement d\u2019ici la fin de l\u2019ann\u00e9e 2021, le TER va circuler\u00a0\u00bb, a-t-il ajout\u00e9.<\/p>\n<p>A propos du d\u00e9but du Ramadan, L\u2019AS renseigne \u00e9galement que le croissant lunaire sera \u00ab\u00a0visible \u00e0 l\u2019\u0153il nu mardi\u00a0\u00bb prochain.<\/p>\n<p>En football, Stades titre sur le clasico Real \u2013 Bar\u00e7a pr\u00e9vu ce soir (19h) et qui sera \u00ab\u00a0d\u00e9terminant pour le titre\u00a0\u00bb de Liga espagnole.\u00a0<\/p>\n<p>Record titre de son c\u00f4t\u00e9 sur le match de Premier League anglaise entre Liverpool de Sadio Man\u00e9 et Aston Villa, vainqueur \u00e0 la phase aller par 7-2. Voil\u00e0 pourquoi le quotidien sp\u00e9cialis\u00e9 s\u2019attend \u00e0 un \u00ab\u00a0Sadio revanchard face aux Villans\u00a0\u00bb cet apr\u00e8s-midi \u00e0 14h GMT.<\/p>\n<\/div>\n<p>Auteur: APA News<br \/>\n<a href=\"https:\/\/www.journalducameroun.com\/macky-sall-et-emigration-en-vedette-dans-la-presse-senegalaise\/\">Cliquez ici pour lire l&rsquo;article depuis sa source.<\/a><\/p>\n","protected":false},"excerpt":{"rendered":"<p>Publi\u00e9 le 10.04.2021 \u00e0 11h18 par APA News Les quotidiens s\u00e9n\u00e9galais parvenus samedi \u00e0 APA traitent principalement des propos tenus par Macky Sall lors de la visite dans le pays hier du Premier ministre espagnol, Pedro Sanchez.A propos de l\u2019accord sur l\u2019\u00e9migration encadr\u00e9e entre le S\u00e9n\u00e9gal et l\u2019Espagne, Le Quotidien note que c\u2019est la \u00ab\u00a0saison [&hellip;]<\/p>\n","protected":false},"author":1965,"featured_media":0,"comment_status":"closed","ping_status":"closed","sticky":false,"template":"","format":"standard","meta":{"fifu_image_url":"","fifu_image_alt":"","footnotes":""},"categories":[73,82],"tags":[],"class_list":["post-114677","post","type-post","status-publish","format-standard","hentry","category-actualite","category-cameroun"],"_links":{"self":[{"href":"https:\/\/linitiative.ca\/International\/wp-json\/wp\/v2\/posts\/114677","targetHints":{"allow":["GET"]}}],"collection":[{"href":"https:\/\/linitiative.ca\/International\/wp-json\/wp\/v2\/posts"}],"about":[{"href":"https:\/\/linitiative.ca\/International\/wp-json\/wp\/v2\/types\/post"}],"author":[{"embeddable":true,"href":"https:\/\/linitiative.ca\/International\/wp-json\/wp\/v2\/users\/1965"}],"replies":[{"embeddable":true,"href":"https:\/\/linitiative.ca\/International\/wp-json\/wp\/v2\/comments?post=114677"}],"version-history":[{"count":0,"href":"https:\/\/linitiative.ca\/International\/wp-json\/wp\/v2\/posts\/114677\/revisions"}],"wp:attachment":[{"href":"https:\/\/linitiative.ca\/International\/wp-json\/wp\/v2\/media?parent=114677"}],"wp:term":[{"taxonomy":"category","embeddable":true,"href":"https:\/\/linitiative.ca\/International\/wp-json\/wp\/v2\/categories?post=114677"},{"taxonomy":"post_tag","embeddable":true,"href":"https:\/\/linitiative.ca\/International\/wp-json\/wp\/v2\/tags?post=114677"}],"curies":[{"name":"wp","href":"https:\/\/api.w.org\/{rel}","templated":true}]}}