{"id":114679,"date":"2021-04-10T08:18:02","date_gmt":"2021-04-10T12:18:02","guid":{"rendered":"https:\/\/linitiative.ca\/International\/politique-justice-et-mre-au-menu-des-hebdomadaires-marocains\/"},"modified":"2021-04-10T08:18:02","modified_gmt":"2021-04-10T12:18:02","slug":"politique-justice-et-mre-au-menu-des-hebdomadaires-marocains","status":"publish","type":"post","link":"https:\/\/linitiative.ca\/International\/politique-justice-et-mre-au-menu-des-hebdomadaires-marocains\/","title":{"rendered":"Politique, justice et MRE au menu des hebdomadaires marocains"},"content":{"rendered":"<div readability=\"32\">\n<p>Publi\u00e9 le 10.04.2021 \u00e0 13h18 par APA News<\/p>\n<\/div>\n<div readability=\"113\">\n<p>La question de l\u2019int\u00e9grit\u00e9 territoriale du Royaume, la r\u00e9forme du secteur de la justice et la pr\u00e9paration de l\u2019op\u00e9ration de retour des immigr\u00e9s Marocains \u00e0 l\u2019\u00e9tranger (MRE) sont les principaux sujets \u00e9voqu\u00e9s par les hebdomadaires marocains parus ce samedi.Abordant la question de l\u2019int\u00e9grit\u00e9 territoriale, +Finances news Hebdo+, qui revient sur l\u2019ouverture par plus d\u2019une vingtaine de pays de leurs repr\u00e9sentations diplomatiques dans les provinces du Sud, \u00e9crit que ces pays \u00ab se joignent \u00e0 la justesse de la cause nationale \u00bb, parce qu\u2019\u00ab ils souscrivent \u00e0 une v\u00e9rit\u00e9 historique, la marocanit\u00e9 du Sahara \u00bb, et qu\u2019ils \u00ab ne peuvent laisser leur esprit pollu\u00e9 par les contrev\u00e9rit\u00e9s distill\u00e9es depuis des d\u00e9cennies par le pouvoir alg\u00e9rien \u00bb.<\/p>\n<p>Le Maroc s\u2019appuie sur un seul postulat, la v\u00e9rit\u00e9, quand Alger use de \u00ab man\u0153uvres dilettantes \u00bb, \u00e0 \u00ab des fins mesquines \u00bb, pour entretenir ce conflit artificiel autour du Sahara, constate l\u2019hebdomadaire.<\/p>\n<p>Selon lui, en maintenant ce statu quo, \u00ab le pouvoir alg\u00e9rien est dans sa zone de confort \u00bb, car \u00ab c\u2019est la posture qu\u2019il adopte, de fa\u00e7on immuable, depuis des d\u00e9cennies \u00bb, constatant qu\u2019\u00e0 chaque fois qu\u2019un cadre s\u00e9rieux de n\u00e9gociations est \u00e9tabli, \u00ab il se d\u00e9file, pour ensuite se d\u00e9fouler sur le Maroc afin d\u2019ouvrir un autre champ d\u2019hostilit\u00e9s \u00bb.<\/p>\n<p>+Challenge+, qui aborde les pr\u00e9paratifs de l\u2019op\u00e9ration \u00ab Marhaba \u00bb du retour des immigr\u00e9s Marocains \u00e0 l\u2019\u00e9tranger, \u00e9crit que le Maroc a annonc\u00e9 l\u2019organisation de cette op\u00e9ration et en a inform\u00e9 les autorit\u00e9s espagnoles, alors que les fronti\u00e8res entre les deux pays sont ferm\u00e9es \u00e0 cause du Covid-19.<\/p>\n<p>Cela signifie que les autorit\u00e9s marocaines esp\u00e8rent une sortie de crise en juin, mais \u00ab c\u2019est un pari tr\u00e8s risqu\u00e9, parce qu\u2019il d\u00e9pend de l\u2019\u00e9volution de la pand\u00e9mie au Maroc, mais aussi en Europe \u00bb, pr\u00e9vient la publication.<\/p>\n<p>Or, si les responsables pensent pouvoir assurer aux Marocains un \u00ab \u00e9t\u00e9 normal \u00bb, relancer le tourisme, normaliser un tant soit peu la vie des Marocains, le combat est loin d\u2019\u00eatre gagn\u00e9, car \u00ab c\u2019est le virus qui est le ma\u00eetre du temps \u00bb, rel\u00e8ve-t-il.<\/p>\n<p>+Le Temps+, qui revient sur la r\u00e9forme du secteur de la justice, \u00e9crit que sit\u00f4t nomm\u00e9s, Mohamed Abdennabaoui, premier Pr\u00e9sident de la Cour de Cassation et Pr\u00e9sident d\u00e9l\u00e9gu\u00e9 du Conseil sup\u00e9rieur du pouvoir judiciaire, et El Hassan Daki, Procureur g\u00e9n\u00e9ral du Roi pr\u00e8s la Cour de Cassation et Pr\u00e9sident du minist\u00e8re public, se sont mis au travail pour \u00e9tablir un diagnostic de la situation de la Justice dans la perspective d\u2019\u00e9laborer une strat\u00e9gie d\u2019action aux moyen et long termes.<\/p>\n<p>Cette strat\u00e9gie a pour objectifs de rehausser la performance du secteur judiciaire, mettre la justice \u00e0 niveau et assurer davantage d\u2019efficience et de transparence, pr\u00e9cise le journal.<\/p>\n<p>\u00ab L\u2019heure est aux actes et non plus aux discours. Les orientations royales sont, au demeurant, tr\u00e8s claires : acc\u00e9l\u00e9rer le chantier de r\u00e9forme de la justice \u00bb, souligne-t-il.<\/p>\n<\/div>\n<p>Auteur: APA News<br \/>\n<a href=\"https:\/\/www.journalducameroun.com\/politique-justice-et-mre-au-menu-des-hebdomadaires-marocains\/\">Cliquez ici pour lire l&rsquo;article depuis sa source.<\/a><\/p>\n","protected":false},"excerpt":{"rendered":"<p>Publi\u00e9 le 10.04.2021 \u00e0 13h18 par APA News La question de l\u2019int\u00e9grit\u00e9 territoriale du Royaume, la r\u00e9forme du secteur de la justice et la pr\u00e9paration de l\u2019op\u00e9ration de retour des immigr\u00e9s Marocains \u00e0 l\u2019\u00e9tranger (MRE) sont les principaux sujets \u00e9voqu\u00e9s par les hebdomadaires marocains parus ce samedi.Abordant la question de l\u2019int\u00e9grit\u00e9 territoriale, +Finances news Hebdo+, [&hellip;]<\/p>\n","protected":false},"author":1965,"featured_media":0,"comment_status":"closed","ping_status":"closed","sticky":false,"template":"","format":"standard","meta":{"fifu_image_url":"","fifu_image_alt":"","footnotes":""},"categories":[73,82],"tags":[],"class_list":["post-114679","post","type-post","status-publish","format-standard","hentry","category-actualite","category-cameroun"],"_links":{"self":[{"href":"https:\/\/linitiative.ca\/International\/wp-json\/wp\/v2\/posts\/114679","targetHints":{"allow":["GET"]}}],"collection":[{"href":"https:\/\/linitiative.ca\/International\/wp-json\/wp\/v2\/posts"}],"about":[{"href":"https:\/\/linitiative.ca\/International\/wp-json\/wp\/v2\/types\/post"}],"author":[{"embeddable":true,"href":"https:\/\/linitiative.ca\/International\/wp-json\/wp\/v2\/users\/1965"}],"replies":[{"embeddable":true,"href":"https:\/\/linitiative.ca\/International\/wp-json\/wp\/v2\/comments?post=114679"}],"version-history":[{"count":0,"href":"https:\/\/linitiative.ca\/International\/wp-json\/wp\/v2\/posts\/114679\/revisions"}],"wp:attachment":[{"href":"https:\/\/linitiative.ca\/International\/wp-json\/wp\/v2\/media?parent=114679"}],"wp:term":[{"taxonomy":"category","embeddable":true,"href":"https:\/\/linitiative.ca\/International\/wp-json\/wp\/v2\/categories?post=114679"},{"taxonomy":"post_tag","embeddable":true,"href":"https:\/\/linitiative.ca\/International\/wp-json\/wp\/v2\/tags?post=114679"}],"curies":[{"name":"wp","href":"https:\/\/api.w.org\/{rel}","templated":true}]}}