{"id":114680,"date":"2021-04-10T11:18:02","date_gmt":"2021-04-10T15:18:02","guid":{"rendered":"https:\/\/linitiative.ca\/International\/bedie-pour-un-retour-au-pays-de-gbagbo-et-ble-goude-dans-les-meilleurs-delais\/"},"modified":"2021-04-10T11:18:02","modified_gmt":"2021-04-10T15:18:02","slug":"bedie-pour-un-retour-au-pays-de-gbagbo-et-ble-goude-dans-les-meilleurs-delais","status":"publish","type":"post","link":"https:\/\/linitiative.ca\/International\/bedie-pour-un-retour-au-pays-de-gbagbo-et-ble-goude-dans-les-meilleurs-delais\/","title":{"rendered":"B\u00e9di\u00e9 pour un retour au pays de Gbagbo et Bl\u00e9 Goud\u00e9 \u00ab\u00a0dans les meilleurs d\u00e9lais\u00a0\u00bb"},"content":{"rendered":"<div readability=\"32\">\n<p>Publi\u00e9 le 10.04.2021 \u00e0 16h18 par APA News<\/p>\n<\/div>\n<div readability=\"119\">\n<p>Le pr\u00e9sident du Parti d\u00e9mocratique de C\u00f4te d\u2019Ivoire (Pdci, opposition), Henri Konan B\u00e9di\u00e9, a appel\u00e9 samedi le gouvernement ivoirien \u00e0 favoriser le retour au pays de Laurent Gbagbo et Charles Bl\u00e9 Goud\u00e9 \u00ab\u00a0dans les meilleurs d\u00e9lais\u00a0\u00bb.<\/p>\n<p>M. B\u00e9di\u00e9 s\u2019exprimait, au si\u00e8ge du Pdci \u00e0 Abidjan, \u00e0 l\u2019ouverture de la c\u00e9l\u00e9bration des 75 ans du parti, en pr\u00e9sence de formations politiques s\u0153urs dont le Front populaire ivoirien (FPI), fond\u00e9 par M. Gbagbo, qui \u00e9tait repr\u00e9sent\u00e9 par M. Dano Dj\u00e9dj\u00e9.\u00a0<\/p>\n<p>\u00ab\u00a0Je me r\u00e9jouis de l\u2019acquittement d\u00e9finitif de MM. Laurent Gbagbo et Charles Bl\u00e9 Goud\u00e9. Je souhaite que le gouvernement prenne toutes les dispositions n\u00e9cessaires pour favoriser leur retour en C\u00f4te dans les meilleurs d\u00e9lais et dans des conditions s\u00e9curis\u00e9es\u00a0\u00bb, a dit M. B\u00e9di\u00e9.<\/p>\n<p>Devant plusieurs militants, M. B\u00e9di\u00e9 a d\u00e9clar\u00e9 que la C\u00f4te d\u2019Ivoire toute enti\u00e8re compte sur le Pdci pour \u00ab\u00a0ramener la paix, la concorde, la fraternit\u00e9\u00a0\u00bb entre le peuple et le vrai d\u00e9veloppement \u00e9conomique et social.\u00a0<\/p>\n<p>\u00ab\u00a0Nous avons donc une grande responsabilit\u00e9 devant l\u2019histoire et nous n\u2019avons pas le droit de nous y d\u00e9rober ! Le Pdci doit donc cr\u00e9er les conditions de la confiance entre le peuple, la classe politique et les partenaires au d\u00e9veloppement\u00a0\u00bb, a-t-il lanc\u00e9.\u00a0<\/p>\n<p>Le Pdci, ex-parti unique, cr\u00e9\u00e9 le 9 avril 1946 par feu F\u00e9lix Houphou\u00ebt-Boigny, le premier pr\u00e9sident ivoirien, a port\u00e9 le pays \u00e0 l\u2019ind\u00e9pendance. Suite \u00e0 son d\u00e9c\u00e8s en 93, Henri Konan Bedie, lui succ\u00e8de \u00e0 la t\u00eate du pays, mais est renvers\u00e9 par un coup d\u2019Etat en d\u00e9cembre 1999. \u00a0<\/p>\n<p>Il a rappel\u00e9 la r\u00e9bellion arm\u00e9e du 19 septembre 2002 qui a d\u00e9stabilis\u00e9 le pays, ainsi que la crise socio-politique d\u2019octobre 2010 qui a \u00ab\u00a0finalement fait exploser le peu d\u2019\u00e9l\u00e9ments de la coh\u00e9sion sociale qui nous restait\u00a0\u00bb.\u00a0<\/p>\n<p>\u00ab\u00a0Le 3e mandat anticonstitutionnel a fini par d\u00e9truire les fondements de la d\u00e9mocratie et de l\u2019unit\u00e9 nationale. Que de morts en 1999 ! Que de morts en 2002 ! Que de morts en 2010-2011! Que de morts en 2020 ! Que d\u2019exil\u00e9s politiques ! Que de jeunes gens sacrifi\u00e9s !\u00a0\u00bb, s\u2019est-il exclam\u00e9.<\/p>\n<p>Le chef du Pdci a tanc\u00e9 le pouvoir, affirmant que les syst\u00e8mes \u00e9ducatif et sanitaire \u00ab\u00a0d\u00e9grad\u00e9s, la pauvret\u00e9 et la d\u00e9linquance juv\u00e9nile\u00a0\u00bb chez les enfants instrumentalis\u00e9s \u00ab\u00a0pour en faire des miliciens et microbes\u00a0\u00bb ont d\u00e9chir\u00e9 le tissu social et d\u00e9figur\u00e9 la C\u00f4te d\u2019Ivoire.<\/p>\n<p>Il a ensuite d\u00e9nonc\u00e9 que \u00ab\u00a0des d\u00e9put\u00e9s, des responsables de la soci\u00e9t\u00e9 civile, jeunes et des femmes (sont) emprisonn\u00e9es, pour avoir voulu exprimer leur refus du b\u00e2illonnement de la d\u00e9mocratie par un 3e mandat non conforme\u00a0\u00bb \u00e0 la loi fondamentale.\u00a0<\/p>\n<p>\u00ab\u00a0Je veux me souvenir de mon directeur de Cabinet, N\u2019Dri Kouadio Narcisse, F\u00e9lix N\u2019Dakri, Pulch\u00e9rie Gbalet et 220 de nos jeunes encore et injustement incarc\u00e9r\u00e9s\u00a0\u00bb lors du boycott \u00e9lectoral de la pr\u00e9sidentielle du 31 octobre 2020, a-t-il poursuivi.\u00a0<\/p>\n<p>Des militants ont \u00e9t\u00e9 faits grand officiers dans l\u2019Ordre du B\u00e9lier, lors du lancement de la comm\u00e9moration des 75 ans du Pdci, dont Mme Diabat\u00e9 Ya (79 ans), \u00ab\u00a0griotte\u00a0\u00bb de F\u00e9lix Houphou\u00ebt-Boigny.\u00a0<\/p>\n<p>La comm\u00e9moration de ces 75 ans sera marqu\u00e9e par la suite d\u2019activit\u00e9s dont des s\u00e9minaires \u00e9clat\u00e9s \u00e0 travers le pays, et qui permettront d\u2019orienter les actions du parti en vue de la conqu\u00eate du pouvoir d\u2019Etat en 2025.<\/p>\n<\/div>\n<p>Auteur: APA News<br \/>\n<a href=\"https:\/\/www.journalducameroun.com\/bedie-pour-un-retour-au-pays-de-gbagbo-et-ble-goude-dans-les-meilleurs-delais\/\">Cliquez ici pour lire l&rsquo;article depuis sa source.<\/a><\/p>\n","protected":false},"excerpt":{"rendered":"<p>Publi\u00e9 le 10.04.2021 \u00e0 16h18 par APA News Le pr\u00e9sident du Parti d\u00e9mocratique de C\u00f4te d\u2019Ivoire (Pdci, opposition), Henri Konan B\u00e9di\u00e9, a appel\u00e9 samedi le gouvernement ivoirien \u00e0 favoriser le retour au pays de Laurent Gbagbo et Charles Bl\u00e9 Goud\u00e9 \u00ab\u00a0dans les meilleurs d\u00e9lais\u00a0\u00bb. M. B\u00e9di\u00e9 s\u2019exprimait, au si\u00e8ge du Pdci \u00e0 Abidjan, \u00e0 l\u2019ouverture [&hellip;]<\/p>\n","protected":false},"author":1965,"featured_media":0,"comment_status":"closed","ping_status":"closed","sticky":false,"template":"","format":"standard","meta":{"fifu_image_url":"","fifu_image_alt":"","footnotes":""},"categories":[73,82],"tags":[],"class_list":["post-114680","post","type-post","status-publish","format-standard","hentry","category-actualite","category-cameroun"],"_links":{"self":[{"href":"https:\/\/linitiative.ca\/International\/wp-json\/wp\/v2\/posts\/114680","targetHints":{"allow":["GET"]}}],"collection":[{"href":"https:\/\/linitiative.ca\/International\/wp-json\/wp\/v2\/posts"}],"about":[{"href":"https:\/\/linitiative.ca\/International\/wp-json\/wp\/v2\/types\/post"}],"author":[{"embeddable":true,"href":"https:\/\/linitiative.ca\/International\/wp-json\/wp\/v2\/users\/1965"}],"replies":[{"embeddable":true,"href":"https:\/\/linitiative.ca\/International\/wp-json\/wp\/v2\/comments?post=114680"}],"version-history":[{"count":0,"href":"https:\/\/linitiative.ca\/International\/wp-json\/wp\/v2\/posts\/114680\/revisions"}],"wp:attachment":[{"href":"https:\/\/linitiative.ca\/International\/wp-json\/wp\/v2\/media?parent=114680"}],"wp:term":[{"taxonomy":"category","embeddable":true,"href":"https:\/\/linitiative.ca\/International\/wp-json\/wp\/v2\/categories?post=114680"},{"taxonomy":"post_tag","embeddable":true,"href":"https:\/\/linitiative.ca\/International\/wp-json\/wp\/v2\/tags?post=114680"}],"curies":[{"name":"wp","href":"https:\/\/api.w.org\/{rel}","templated":true}]}}