{"id":114681,"date":"2021-04-10T04:13:47","date_gmt":"2021-04-10T08:13:47","guid":{"rendered":"https:\/\/linitiative.ca\/International\/necrologie-victor-mukete-est-decede\/"},"modified":"2021-04-10T04:13:47","modified_gmt":"2021-04-10T08:13:47","slug":"necrologie-victor-mukete-est-decede","status":"publish","type":"post","link":"https:\/\/linitiative.ca\/International\/necrologie-victor-mukete-est-decede\/","title":{"rendered":"N\u00e9crologie : Victor Mukete est d\u00e9c\u00e9d\u00e9"},"content":{"rendered":"<p>La nouvelle est tomb\u00e9e tel un couperet cette matin\u00e9e du samedi 10 avril 2021. Le\u00a0\u00a0Doyen d\u2019\u00e2ge du Senat Nfon Victor Mukete Essimi Ngo n\u2019est plus. Il a rendu l\u2019\u00e2me \u00e0 l\u2019h\u00f4pital g\u00e9n\u00e9ral de Yaound\u00e9 des suites de longue maladie. Son d\u00e9c\u00e8s, laisse un go\u00fbt amer dans la bouche de la grande famille parlementaire camerounaise, qui a perdu le 14 mars dernier, le d\u00e9put\u00e9 Kumbongsi Dyx Alim Metem du Social democratic front (SDF).<\/p>\n<p>Nfon Victor Eseme Mukete \u00e2g\u00e9 de 103 ans, a vu le jour le 15 novembre 1918 \u00e0 Kumba, dans le d\u00e9partement de la Meme, r\u00e9gion du Sud-Ouest. Il \u00e9tait le p\u00e8re de sept enfants notamment l\u2019homme d\u2019affaires Collin Ebarko Mukete pr\u00e9sident du Conseil d\u2019administration de MTN Cameroon. Il a fait ses \u00e9tudes primaires \u00e0 l\u2019\u00e9cole publique de Kumba de 1926 \u00e0 1932, avant de rendre au Nig\u00e9ria. B\u00e9n\u00e9ficiant d\u2019une bourse d\u2019\u00e9tudes, il va s\u2019inscrire au Governement College Umuahia en 1933. Par la suite c\u2019est \u00e0 Higher Coll\u00e8ge Yaba, qu\u2019il va poursuivre ses \u00e9tudes, avant de s\u2019envoler pour l\u2019universit\u00e9 de Manchester en Angleterre de 1948 \u00e0 1951, pour s\u2019inscrire par la suite au Christ college de l\u2019Universit\u00e9 de Cambridge de 1951 \u00e0 1952. Des \u00e9tudes qui vont \u00eatre sanctionn\u00e9es par l\u2019obtention d\u2019un dipl\u00f4me d\u2019ing\u00e9nieur agronome et botaniste.<\/p>\n<p>De son vivant, son parcours professionnel a \u00e9t\u00e9 abreuv\u00e9 des diff\u00e9rentes casquettes que d\u00e9tenait le centenaire. Il a pr\u00e9sid\u00e9 au sein des conseils d\u2019administration de la Cameroon development corporation (CDC) de 1960 \u00e0 1982, ainsi qu\u2019\u00e0 celui de la Cameroon radio telecommunications (Camtel). Poste qu\u2019il va abandonner \u00e0 l\u2019atteinte de ses 100 ans. Sur le plan politique, Nfon Victor Mukete Eseme \u00e9tait un militant du parti au pouvoir le Rassemblement du peuple d\u00e9mocratique camerounais (Rdpc), ce qui lui a valu d\u2019\u00eatre nomm\u00e9 le 8 mai 2013 s\u00e9nateur de la r\u00e9gion du Sud-Ouest par le pr\u00e9sident de la R\u00e9publique, et \u00e0 occuper la fonction de Doyen d\u2019\u00e2ge de la\u00a0\u00a0chambre haute du parlement. Sa derni\u00e8re apparition publique \u00e9tait alors orient\u00e9e dans le cadre de cette fonction, lors de la pl\u00e9ni\u00e8re d\u2019ouverture de la session parlementaire du mois de mars 2021 qu\u2019il avait personnellement pr\u00e9sid\u00e9.<\/p>\n<p>Acteur culturel, Nfon Mukete a \u00e9t\u00e9 le chef supr\u00eame des Bafaw un peuple situ\u00e9 dans la r\u00e9gion du Sud-Ouest, avant de c\u00e9der le tr\u00f4ne \u00e0 son fils Ekoko IV Mukete, en mars 2020. Acteur majeur pour la r\u00e9unification du Cameroun dans les ann\u00e9es 1960, il est l\u2019auteur du livre \u00ab\u00a0Mon Odyss\u00e9e\u00a0: histoire de la r\u00e9unification du Cameroun\u00a0\u00bb paru en 2013 et qui retrace sa vision et son combat de l\u2019\u00e9poque. A son combat pour la r\u00e9unification, l\u2019on peut aussi ajouter celui du retour \u00e0 la paix dans les r\u00e9gions du Nord-Ouest et du Sud-Ouest qui sont frapp\u00e9es depuis 2017 par la crise anglophone.<\/p>\n<p>Auteur: EcoMatin<br \/>\n<a href=\"https:\/\/ecomatin.net\/necrologie-victor-mukete-estt-decede\/\">Cliquez ici pour lire l&rsquo;article depuis sa source.<\/a><\/p>\n","protected":false},"excerpt":{"rendered":"<p>La nouvelle est tomb\u00e9e tel un couperet cette matin\u00e9e du samedi 10 avril 2021. Le\u00a0\u00a0Doyen d\u2019\u00e2ge du Senat Nfon Victor Mukete Essimi Ngo n\u2019est plus. Il a rendu l\u2019\u00e2me \u00e0 l\u2019h\u00f4pital g\u00e9n\u00e9ral de Yaound\u00e9 des suites de longue maladie. Son d\u00e9c\u00e8s, laisse un go\u00fbt amer dans la bouche de la grande famille parlementaire camerounaise, qui [&hellip;]<\/p>\n","protected":false},"author":1969,"featured_media":0,"comment_status":"closed","ping_status":"closed","sticky":false,"template":"","format":"standard","meta":{"fifu_image_url":"","fifu_image_alt":"","footnotes":""},"categories":[82,78],"tags":[],"class_list":["post-114681","post","type-post","status-publish","format-standard","hentry","category-cameroun","category-economie"],"_links":{"self":[{"href":"https:\/\/linitiative.ca\/International\/wp-json\/wp\/v2\/posts\/114681","targetHints":{"allow":["GET"]}}],"collection":[{"href":"https:\/\/linitiative.ca\/International\/wp-json\/wp\/v2\/posts"}],"about":[{"href":"https:\/\/linitiative.ca\/International\/wp-json\/wp\/v2\/types\/post"}],"author":[{"embeddable":true,"href":"https:\/\/linitiative.ca\/International\/wp-json\/wp\/v2\/users\/1969"}],"replies":[{"embeddable":true,"href":"https:\/\/linitiative.ca\/International\/wp-json\/wp\/v2\/comments?post=114681"}],"version-history":[{"count":0,"href":"https:\/\/linitiative.ca\/International\/wp-json\/wp\/v2\/posts\/114681\/revisions"}],"wp:attachment":[{"href":"https:\/\/linitiative.ca\/International\/wp-json\/wp\/v2\/media?parent=114681"}],"wp:term":[{"taxonomy":"category","embeddable":true,"href":"https:\/\/linitiative.ca\/International\/wp-json\/wp\/v2\/categories?post=114681"},{"taxonomy":"post_tag","embeddable":true,"href":"https:\/\/linitiative.ca\/International\/wp-json\/wp\/v2\/tags?post=114681"}],"curies":[{"name":"wp","href":"https:\/\/api.w.org\/{rel}","templated":true}]}}