{"id":114684,"date":"2021-04-11T09:53:55","date_gmt":"2021-04-11T13:53:55","guid":{"rendered":"https:\/\/linitiative.ca\/International\/galerie-living-4-art-une-exposition-collective-de-19-artistes-peintres\/"},"modified":"2021-04-11T09:53:55","modified_gmt":"2021-04-11T13:53:55","slug":"galerie-living-4-art-une-exposition-collective-de-19-artistes-peintres","status":"publish","type":"post","link":"https:\/\/linitiative.ca\/International\/galerie-living-4-art-une-exposition-collective-de-19-artistes-peintres\/","title":{"rendered":"Galerie Living 4 Art: Une exposition collective de 19 artistes peintres"},"content":{"rendered":"<header>\n<\/header>\n<div class=\"entry-content clearfix\" readability=\"47\">\n<figure class=\"post-thumbnail\" itemprop=\"associatedMedia\" itemscope=\"itemscope\" itemtype=\"http:\/\/schema.org\/ImageObject\"><img decoding=\"async\" class=\"post_layout_5_img\" src=\"http:\/\/aujourdhui.ma\/wp-content\/uploads\/2021\/04\/Sofia-oulhent-Artiste-peintre-Galerie-Living-4-Art.jpg\" alt=\"Galerie Living 4 Art: Une exposition collective de 19 artistes peintres\"\/><\/figure>\n<p><span class=\"c5\"><strong>Un vernissage collectif a eu lieu samedi \u00e0 la galerie Living 4 Art de Casablanca avec la participation de 19 artistes-peintres marocains et \u00e9trangers c\u00e9l\u00e9brant la tradition et la modernit\u00e9.<\/strong><\/span><span id=\"more-373508\"\/><\/p>\n<p>Cette exposition haute en couleur qui se poursuit jusqu\u2019au 8 mai donne \u00e0 voir les \u0153uvres d\u2019artistes-peintres connus et amateurs (80 tableaux), une invitation \u00e0 d\u00e9couvrir des styles artistiques diff\u00e9rents et \u00e0 voyager dans l\u2019imaginaire de chacun des artistes.<\/p>\n<p>La directrice de la galerie Meryem Iraki Lahlou a affirm\u00e9 que l\u2019art v\u00e9hicule un message de paix et d\u2019amour entre les diff\u00e9rentes nations vu son r\u00f4le dans l\u2019\u00e9limination des barri\u00e8res, la cr\u00e9ation de liens forts et de coexistence entre les peuples, ajoutant que cette exposition regroupe une pl\u00e9iade d\u2019artistes illustrant la pluralit\u00e9 des styles artistiques et qui doivent \u00eatre encourag\u00e9s.<\/p>\n<p><iframe loading=\"lazy\" title=\"Galerie Living 4 Art: Une exposition collective de 19 artistes peintres\" width=\"1000\" height=\"563\" src=\"https:\/\/www.youtube.com\/embed\/q4PeLvPbYKE?feature=oembed\" frameborder=\"0\" allow=\"accelerometer; autoplay; clipboard-write; encrypted-media; gyroscope; picture-in-picture\" allowfullscreen=\"allowfullscreen\">[embedded content]<\/iframe><\/p>\n<p><strong>Reportage vid\u00e9o : Chafik Arich<\/strong><\/p>\n<\/div>\n<p>Auteur: ALM<br \/>\n<a href=\"https:\/\/aujourdhui.ma\/culture\/galerie-living-4-art-une-exposition-collective-de-19-artistes-peintres\">Cliquez ici pour lire l&rsquo;article depuis sa source.<\/a><\/p>\n","protected":false},"excerpt":{"rendered":"<p>Un vernissage collectif a eu lieu samedi \u00e0 la galerie Living 4 Art de Casablanca avec la participation de 19 artistes-peintres marocains et \u00e9trangers c\u00e9l\u00e9brant la tradition et la modernit\u00e9. Cette exposition haute en couleur qui se poursuit jusqu\u2019au 8 mai donne \u00e0 voir les \u0153uvres d\u2019artistes-peintres connus et amateurs (80 tableaux), une invitation \u00e0 [&hellip;]<\/p>\n","protected":false},"author":1759,"featured_media":0,"comment_status":"closed","ping_status":"closed","sticky":false,"template":"","format":"standard","meta":{"fifu_image_url":"http:\/\/aujourdhui.ma\/wp-content\/uploads\/2021\/04\/Sofia-oulhent-Artiste-peintre-Galerie-Living-4-Art.jpg","fifu_image_alt":"Galerie Living 4 Art: Une exposition collective de 19 artistes peintres","footnotes":""},"categories":[73,54],"tags":[],"class_list":["post-114684","post","type-post","status-publish","format-standard","hentry","category-actualite","category-maroc"],"_links":{"self":[{"href":"https:\/\/linitiative.ca\/International\/wp-json\/wp\/v2\/posts\/114684","targetHints":{"allow":["GET"]}}],"collection":[{"href":"https:\/\/linitiative.ca\/International\/wp-json\/wp\/v2\/posts"}],"about":[{"href":"https:\/\/linitiative.ca\/International\/wp-json\/wp\/v2\/types\/post"}],"author":[{"embeddable":true,"href":"https:\/\/linitiative.ca\/International\/wp-json\/wp\/v2\/users\/1759"}],"replies":[{"embeddable":true,"href":"https:\/\/linitiative.ca\/International\/wp-json\/wp\/v2\/comments?post=114684"}],"version-history":[{"count":0,"href":"https:\/\/linitiative.ca\/International\/wp-json\/wp\/v2\/posts\/114684\/revisions"}],"wp:attachment":[{"href":"https:\/\/linitiative.ca\/International\/wp-json\/wp\/v2\/media?parent=114684"}],"wp:term":[{"taxonomy":"category","embeddable":true,"href":"https:\/\/linitiative.ca\/International\/wp-json\/wp\/v2\/categories?post=114684"},{"taxonomy":"post_tag","embeddable":true,"href":"https:\/\/linitiative.ca\/International\/wp-json\/wp\/v2\/tags?post=114684"}],"curies":[{"name":"wp","href":"https:\/\/api.w.org\/{rel}","templated":true}]}}