{"id":114686,"date":"2021-04-10T19:06:24","date_gmt":"2021-04-10T23:06:24","guid":{"rendered":"https:\/\/linitiative.ca\/International\/programme-eco-ecoles-ceremonie-de-remise-des-prix\/"},"modified":"2021-04-10T19:06:24","modified_gmt":"2021-04-10T23:06:24","slug":"programme-eco-ecoles-ceremonie-de-remise-des-prix","status":"publish","type":"post","link":"https:\/\/linitiative.ca\/International\/programme-eco-ecoles-ceremonie-de-remise-des-prix\/","title":{"rendered":"Programme Eco-Ecoles: C\u00e9r\u00e9monie de remise des prix"},"content":{"rendered":"<div readability=\"35\">\n<p>Essaouira- La c\u00e9r\u00e9monie r\u00e9gionale de remise des prix aux \u00e9tablissements scolaires adh\u00e9rant au programme \u00ab\u00a0Eco-Ecoles\u00a0\u00bb au titre de l\u2019ann\u00e9e scolaire 2019-2020 a eu lieu r\u00e9cemment, \u00e0 l\u2019\u00e9cole Kam Blilat situ\u00e9e dans la commune Sidi Mhamed Oumarzouk (province d\u2019Essaouira).<\/p>\n<\/div>\n<div readability=\"91\">\n<p>Pour l\u2019ann\u00e9e scolaire 2019-2020, la Direction provinciale d\u2019\u00e9ducation nationale d\u2019Essaouira a remport\u00e9 13 \u00ab\u00a0certificats bronze\u00a0\u00bb alors que le Pavillon Vert a \u00e9t\u00e9 hiss\u00e9 dans un \u00e9tablissement scolaire.<\/p>\n<p>Cette c\u00e9r\u00e9monie s\u2019est d\u00e9roul\u00e9e en pr\u00e9sence des repr\u00e9sentants de la Fondation Mohammed VI pour la Protection de l\u2019Environnement, de la Fondation BMCE Bank pour l\u2019\u00e9ducation et l\u2019environnement, les directeurs provinciaux de l\u2019\u00e9ducation nationale d\u2019Essaouira et de Youssoufia, les membres du Conseil communal de Sidi Mhamed Oumarzouk et des parents d\u2019\u00e9l\u00e8ves, en plus des responsables des 8 directions relevant de l\u2019Acad\u00e9mie R\u00e9gionale d\u2019Education et de Formation (AREF) de\u00a0Marrakech-Safi, \u00e0 travers les coordinateurs provinciaux de l\u2019environnement, les directeurs des \u00e9tablissements scolaires et les coordinateurs des clubs environnementaux relevant de ces \u00e9tablissements.<\/p>\n<p>Organis\u00e9e avec la contribution de la Commune Sidi Oumarzouk, le Conseil provincial d\u2019Essaouira, la Fondation BMCE Bank pour l\u2019\u00e9ducation et l\u2019environnement, la Fondation des \u0153uvres sociales de l\u2019enseignement d\u2019Essaouira, cette c\u00e9r\u00e9monie a \u00e9t\u00e9 marqu\u00e9e par la pr\u00e9sentation d\u2019un expos\u00e9 d\u00e9clinant le programme Eco-Ecoles et sa contribution \u00e0 l\u2019\u00e9ducation sur l\u2019environnement et le d\u00e9veloppement durable.<\/p>\n<p>La c\u00e9r\u00e9monie a \u00e9t\u00e9 aussi l\u2019occasion de se pencher sur la mise en \u0153uvre des projets de loi-cadre 51-17 notamment, le projet 10 \u00ab\u00a0Promotion de la vie scolaire\u00a0\u00bb dans le volet relatif \u00e0 l\u2019\u00e9ducation environnementale, ainsi que la pr\u00e9sentation du bilan de ce programme au titre de l\u2019ann\u00e9e scolaire 2019-2020.<\/p>\n<p>La c\u00e9r\u00e9monie a \u00e9t\u00e9 aussi ponctu\u00e9e de spectacles artistiques sur la protection de l\u2019environnement pr\u00e9sent\u00e9s par les \u00e9l\u00e8ves de l\u2019\u00e9cole Kam Blilat.<\/p>\n<p>Par la suite, les participants ont effectu\u00e9 une visite aux diff\u00e9rents stands des directions provinciales relevant de l\u2019AREF de\u00a0Marrakech-Safi.<\/p>\n<p>Par la m\u00eame occasion, \u00ab\u00a0le Pavillon Vert\u00a0\u00bb a \u00e9t\u00e9 hiss\u00e9 au sein de l\u2019\u00e9tablissement scolaire Kam Blilat.<\/p>\n<p>Au niveau national, 30 \u00e9tablissements scolaires ont remport\u00e9 les certificats bronze, un \u00e9tablissement scolaire le certificat argent alors que le Pavillon Vert a \u00e9t\u00e9 hiss\u00e9 dans 09 \u00e9tablissements scolaires.<\/p>\n<p>Le programme \u00c9co-\u00c9coles est l\u2019un des programmes phares de la Fondation pour l\u2019\u00c9ducation \u00e0 l\u2019Environnement (FEE). Aujourd\u2019hui, plus de 68 pays dans le monde l\u2019ont adopt\u00e9.<\/p>\n<p>Au Maroc, il a \u00e9t\u00e9 implant\u00e9 par la Fondation Mohammed VI pour la Protection de l\u2019Environnement en 2006, en partenariat avec le minist\u00e8re de l\u2019\u00c9ducation nationale, la formation professionnelle, la recherche scientifique et l\u2019enseignement sup\u00e9rieur.<\/p>\n<\/div>\n<p>Auteur: Mohammed KOURSI<br \/>\n<a href=\"http:\/\/www.mapmarrakech.ma\/fr\/programme-eco-ecoles-ceremonie-de-remise-des-prix\/\">Cliquez ici pour lire l&rsquo;article depuis sa source.<\/a><\/p>\n","protected":false},"excerpt":{"rendered":"<p>Essaouira- La c\u00e9r\u00e9monie r\u00e9gionale de remise des prix aux \u00e9tablissements scolaires adh\u00e9rant au programme \u00ab\u00a0Eco-Ecoles\u00a0\u00bb au titre de l\u2019ann\u00e9e scolaire 2019-2020 a eu lieu r\u00e9cemment, \u00e0 l\u2019\u00e9cole Kam Blilat situ\u00e9e dans la commune Sidi Mhamed Oumarzouk (province d\u2019Essaouira). Pour l\u2019ann\u00e9e scolaire 2019-2020, la Direction provinciale d\u2019\u00e9ducation nationale d\u2019Essaouira a remport\u00e9 13 \u00ab\u00a0certificats bronze\u00a0\u00bb alors que [&hellip;]<\/p>\n","protected":false},"author":1788,"featured_media":0,"comment_status":"closed","ping_status":"closed","sticky":false,"template":"","format":"standard","meta":{"fifu_image_url":"","fifu_image_alt":"","footnotes":""},"categories":[54,76],"tags":[],"class_list":["post-114686","post","type-post","status-publish","format-standard","hentry","category-maroc","category-regions"],"_links":{"self":[{"href":"https:\/\/linitiative.ca\/International\/wp-json\/wp\/v2\/posts\/114686","targetHints":{"allow":["GET"]}}],"collection":[{"href":"https:\/\/linitiative.ca\/International\/wp-json\/wp\/v2\/posts"}],"about":[{"href":"https:\/\/linitiative.ca\/International\/wp-json\/wp\/v2\/types\/post"}],"author":[{"embeddable":true,"href":"https:\/\/linitiative.ca\/International\/wp-json\/wp\/v2\/users\/1788"}],"replies":[{"embeddable":true,"href":"https:\/\/linitiative.ca\/International\/wp-json\/wp\/v2\/comments?post=114686"}],"version-history":[{"count":0,"href":"https:\/\/linitiative.ca\/International\/wp-json\/wp\/v2\/posts\/114686\/revisions"}],"wp:attachment":[{"href":"https:\/\/linitiative.ca\/International\/wp-json\/wp\/v2\/media?parent=114686"}],"wp:term":[{"taxonomy":"category","embeddable":true,"href":"https:\/\/linitiative.ca\/International\/wp-json\/wp\/v2\/categories?post=114686"},{"taxonomy":"post_tag","embeddable":true,"href":"https:\/\/linitiative.ca\/International\/wp-json\/wp\/v2\/tags?post=114686"}],"curies":[{"name":"wp","href":"https:\/\/api.w.org\/{rel}","templated":true}]}}