{"id":114687,"date":"2021-04-11T06:10:27","date_gmt":"2021-04-11T10:10:27","guid":{"rendered":"https:\/\/linitiative.ca\/International\/previsions-meteorologiques-pour-le-dimanche-11-avril\/"},"modified":"2021-04-11T06:10:27","modified_gmt":"2021-04-11T10:10:27","slug":"previsions-meteorologiques-pour-le-dimanche-11-avril","status":"publish","type":"post","link":"https:\/\/linitiative.ca\/International\/previsions-meteorologiques-pour-le-dimanche-11-avril\/","title":{"rendered":"Pr\u00e9visions m\u00e9t\u00e9orologiques pour le dimanche 11 avril"},"content":{"rendered":"<div class=\"single-featured\"><img alt=\"\" data-src=\"http:\/\/www.mapmarrakech.ma\/map\/uploads\/2021\/04\/meteo-mapecology-110421-Fr-1.jpg\"\/><\/div>\n<div class=\"single-post-excerpt post-excerpt-bc\" readability=\"34\">\n<p>Voici les pr\u00e9visions m\u00e9t\u00e9orologiques pour la journ\u00e9e du dimanche 11 avril 2021, \u00e9tablies par la Direction g\u00e9n\u00e9rale de la m\u00e9t\u00e9orologie:<\/p>\n<\/div>\n<div class=\"entry-content clearfix single-post-content entry-content clearfix single-post-content\" readability=\"64\">\n<p>\u2013 Ciel passag\u00e8rement nuageux sur l\u2019extr\u00eame Nord-ouest avec quelques gouttes \u00e9parses la matin\u00e9e.<\/p>\n<p>\u2013 Foyers orageux sur le Haut et le Moyen Atlas, leurs versants Est et le Sud de l\u2019Oriental avec ond\u00e9es ou averses \u00e9parses l\u2019apr\u00e8s-midi.<\/p>\n<p>\u2013 Formations brumeuses et nuages bas par endroits sur les c\u00f4tes.<\/p>\n<p>\u2013 Temps stable avec ciel peu nuageux en g\u00e9n\u00e9ral ailleurs.<\/p>\n<p>\u2013 Vent mod\u00e9r\u00e9 de secteur nord sur les provinces Sud et faible \u00e0 mod\u00e9r\u00e9 de nord \u00e0 ouest en g\u00e9n\u00e9ral ailleurs.<\/p>\n<p>\u2013 Temp\u00e9ratures minimales de l\u2019ordre de 06\/11\u00b0C sur l\u2019Atlas, de 10\/16\u00b0C sur le Nord, le Centre et l\u2019Oriental et de 14\/21\u00b0C ailleurs.<\/p>\n<p>\u2013 Temp\u00e9ratures maximales de l\u2019ordre de 14\/19\u00b0C sur l\u2019Atlas, 17\/23\u00b0C sur l\u2019Oriental, le Saiss, la M\u00e9diterran\u00e9e, les c\u00f4tes atlantiques Nord et Centre et les plateaux de phosphates, 22\/28\u00b0C sur les plaines Nord et Centre, le Souss et le Nord des provinces Sud et de 29\/35\u00b0C sur le Sud-Est et le Sud des provinces Sahariennes.<\/p>\n<p>\u2013 Mer belle \u00e0 peu agit\u00e9e sur la M\u00e9diterran\u00e9e, peu agit\u00e9e sur le D\u00e9troit et entre Cap Spartel et El Jorf et peu agit\u00e9e \u00e0 agit\u00e9e ailleurs.<\/p>\n<\/div>\n<p>Auteur: Mohammed KOURSI<br \/>\n<a href=\"http:\/\/www.mapmarrakech.ma\/fr\/previsions-meteorologiques-pour-le-dimanche-11-avril\/\">Cliquez ici pour lire l&rsquo;article depuis sa source.<\/a><\/p>\n","protected":false},"excerpt":{"rendered":"<p>Voici les pr\u00e9visions m\u00e9t\u00e9orologiques pour la journ\u00e9e du dimanche 11 avril 2021, \u00e9tablies par la Direction g\u00e9n\u00e9rale de la m\u00e9t\u00e9orologie: \u2013 Ciel passag\u00e8rement nuageux sur l\u2019extr\u00eame Nord-ouest avec quelques gouttes \u00e9parses la matin\u00e9e. \u2013 Foyers orageux sur le Haut et le Moyen Atlas, leurs versants Est et le Sud de l\u2019Oriental avec ond\u00e9es ou averses [&hellip;]<\/p>\n","protected":false},"author":1788,"featured_media":0,"comment_status":"closed","ping_status":"closed","sticky":false,"template":"","format":"standard","meta":{"fifu_image_url":"http:\/\/www.mapmarrakech.ma\/map\/uploads\/2021\/04\/meteo-mapecology-110421-Fr-1.jpg","fifu_image_alt":"Pr\u00e9visions m\u00e9t\u00e9orologiques pour le dimanche 11 avril","footnotes":""},"categories":[54,76],"tags":[],"class_list":["post-114687","post","type-post","status-publish","format-standard","hentry","category-maroc","category-regions"],"_links":{"self":[{"href":"https:\/\/linitiative.ca\/International\/wp-json\/wp\/v2\/posts\/114687","targetHints":{"allow":["GET"]}}],"collection":[{"href":"https:\/\/linitiative.ca\/International\/wp-json\/wp\/v2\/posts"}],"about":[{"href":"https:\/\/linitiative.ca\/International\/wp-json\/wp\/v2\/types\/post"}],"author":[{"embeddable":true,"href":"https:\/\/linitiative.ca\/International\/wp-json\/wp\/v2\/users\/1788"}],"replies":[{"embeddable":true,"href":"https:\/\/linitiative.ca\/International\/wp-json\/wp\/v2\/comments?post=114687"}],"version-history":[{"count":0,"href":"https:\/\/linitiative.ca\/International\/wp-json\/wp\/v2\/posts\/114687\/revisions"}],"wp:attachment":[{"href":"https:\/\/linitiative.ca\/International\/wp-json\/wp\/v2\/media?parent=114687"}],"wp:term":[{"taxonomy":"category","embeddable":true,"href":"https:\/\/linitiative.ca\/International\/wp-json\/wp\/v2\/categories?post=114687"},{"taxonomy":"post_tag","embeddable":true,"href":"https:\/\/linitiative.ca\/International\/wp-json\/wp\/v2\/tags?post=114687"}],"curies":[{"name":"wp","href":"https:\/\/api.w.org\/{rel}","templated":true}]}}