{"id":114688,"date":"2021-04-11T06:14:36","date_gmt":"2021-04-11T10:14:36","guid":{"rendered":"https:\/\/linitiative.ca\/International\/printemps-de-marrakech-plantation-de-plus-de-50-000-fleurs\/"},"modified":"2021-04-11T06:14:36","modified_gmt":"2021-04-11T10:14:36","slug":"printemps-de-marrakech-plantation-de-plus-de-50-000-fleurs","status":"publish","type":"post","link":"https:\/\/linitiative.ca\/International\/printemps-de-marrakech-plantation-de-plus-de-50-000-fleurs\/","title":{"rendered":"Printemps de Marrakech: Plantation de plus de 50.000 fleurs"},"content":{"rendered":"<div class=\"single-featured\"><img alt=\"\" data-src=\"http:\/\/www.mapmarrakech.ma\/map\/uploads\/2021\/04\/printemps-marrakech-1.jpg\"\/><\/div>\n<div class=\"single-post-excerpt post-excerpt-bc\" readability=\"38\">\n<p>Marrakech- La 1\u00e8re \u00e9dition d\u2019une manifestation environnementale baptis\u00e9e le \u00ab\u00a0Printemps de Marrakech\u00a0\u00bb, organis\u00e9e du 08 au 10 avril courant, a \u00e9t\u00e9 marqu\u00e9e par un entretien intensif des espaces verts et la plantation de plus de 50.000 fleurs dans les places publiques, les ronds-points et les principales avenues de la cit\u00e9 ocre.<\/p>\n<\/div>\n<div class=\"entry-content clearfix single-post-content\" readability=\"62\">\n<p>Organis\u00e9 par les services charg\u00e9s de l\u2019environnement et le Bureau communal d\u2019hygi\u00e8ne relevant de la commune urbaine de\u00a0Marrakech, en partenariat avec les soci\u00e9t\u00e9s de gestion d\u00e9l\u00e9gu\u00e9e du secteur de la propret\u00e9 et les soci\u00e9t\u00e9s d\u00e9l\u00e9gu\u00e9es charg\u00e9s de l\u2019entretien des espaces verts de la cit\u00e9 ocre, cet \u00e9v\u00e9nement \u00e9cologique a \u00e9t\u00e9 l\u2019occasion pour rendre hommage aux salari\u00e9s et fonctionnaires de ces secteurs et ce, en signe de reconnaissance des efforts consentis en faveur de la promotion de la beaut\u00e9 et la magie de la ville et sa propret\u00e9 et celles de ces espaces verts et la pr\u00e9servation de son leadership au niveau national dans ce domaine.<\/p>\n<p>L\u2019organisation de cette manifestation singuli\u00e8re illustre \u00e9galement les efforts inlassables engag\u00e9s par les autorit\u00e9s locales et les conseils \u00e9lus, ainsi que tous les autres intervenants pour faire de la ville de\u00a0Marrakech\u00a0\u00ab\u00a0un mod\u00e8le\u00a0\u00bb en mati\u00e8re de protection de l\u2019environnement et de promotion des pratiques durables.<\/p>\n<p>Selon un classement \u00e9tabli en 2020 par le sp\u00e9cialiste en ligne pour des voyages de r\u00eave sur mesure \u00ab\u00a0Tourlane\u00a0\u00bb,\u00a0Marrakech\u00a0figure parmi les 50 premi\u00e8res villes au monde engag\u00e9es dans l\u2019\u00e9cologie, qui sont de plus en plus soucieuses de la protection de l\u2019environnement et qui ont mis en place une nouvelle politique publique durable.<\/p>\n<p>Dans le cadre de classement, la cit\u00e9 ocre est consid\u00e9r\u00e9e comme premi\u00e8re \u00ab\u00a0ville verte\u00a0\u00bb au niveau du monde arabe et de l\u2019Afrique du Nord.<\/p>\n<p>Il s\u2019agit, d\u2019une v\u00e9ritable fiert\u00e9 pour tous les habitants de la cit\u00e9 ocre, cette ville touristique au rayonnement international dot\u00e9e aussi d\u2019un riche patrimoine mat\u00e9riel et immat\u00e9riel, rappelle-t-on.<\/p>\n<\/div>\n<p>Auteur: Mohammed KOURSI<br \/>\n<a href=\"http:\/\/www.mapmarrakech.ma\/fr\/printemps-de-marrakech-plantation-de-plus-de-50-000-fleurs\/\">Cliquez ici pour lire l&rsquo;article depuis sa source.<\/a><\/p>\n","protected":false},"excerpt":{"rendered":"<p>Marrakech- La 1\u00e8re \u00e9dition d\u2019une manifestation environnementale baptis\u00e9e le \u00ab\u00a0Printemps de Marrakech\u00a0\u00bb, organis\u00e9e du 08 au 10 avril courant, a \u00e9t\u00e9 marqu\u00e9e par un entretien intensif des espaces verts et la plantation de plus de 50.000 fleurs dans les places publiques, les ronds-points et les principales avenues de la cit\u00e9 ocre. Organis\u00e9 par les services [&hellip;]<\/p>\n","protected":false},"author":1788,"featured_media":0,"comment_status":"closed","ping_status":"closed","sticky":false,"template":"","format":"standard","meta":{"fifu_image_url":"http:\/\/www.mapmarrakech.ma\/map\/uploads\/2021\/04\/printemps-marrakech-1.jpg","fifu_image_alt":"Printemps de Marrakech: Plantation de plus de 50.000 fleurs","footnotes":""},"categories":[54,76],"tags":[],"class_list":["post-114688","post","type-post","status-publish","format-standard","hentry","category-maroc","category-regions"],"_links":{"self":[{"href":"https:\/\/linitiative.ca\/International\/wp-json\/wp\/v2\/posts\/114688","targetHints":{"allow":["GET"]}}],"collection":[{"href":"https:\/\/linitiative.ca\/International\/wp-json\/wp\/v2\/posts"}],"about":[{"href":"https:\/\/linitiative.ca\/International\/wp-json\/wp\/v2\/types\/post"}],"author":[{"embeddable":true,"href":"https:\/\/linitiative.ca\/International\/wp-json\/wp\/v2\/users\/1788"}],"replies":[{"embeddable":true,"href":"https:\/\/linitiative.ca\/International\/wp-json\/wp\/v2\/comments?post=114688"}],"version-history":[{"count":0,"href":"https:\/\/linitiative.ca\/International\/wp-json\/wp\/v2\/posts\/114688\/revisions"}],"wp:attachment":[{"href":"https:\/\/linitiative.ca\/International\/wp-json\/wp\/v2\/media?parent=114688"}],"wp:term":[{"taxonomy":"category","embeddable":true,"href":"https:\/\/linitiative.ca\/International\/wp-json\/wp\/v2\/categories?post=114688"},{"taxonomy":"post_tag","embeddable":true,"href":"https:\/\/linitiative.ca\/International\/wp-json\/wp\/v2\/tags?post=114688"}],"curies":[{"name":"wp","href":"https:\/\/api.w.org\/{rel}","templated":true}]}}