{"id":114690,"date":"2021-04-11T05:44:08","date_gmt":"2021-04-11T09:44:08","guid":{"rendered":"https:\/\/linitiative.ca\/International\/adoption-dun-nouveau-statut-pour-les-enseignants-chercheurs-le-dementi-du-men\/"},"modified":"2021-04-11T05:44:08","modified_gmt":"2021-04-11T09:44:08","slug":"adoption-dun-nouveau-statut-pour-les-enseignants-chercheurs-le-dementi-du-men","status":"publish","type":"post","link":"https:\/\/linitiative.ca\/International\/adoption-dun-nouveau-statut-pour-les-enseignants-chercheurs-le-dementi-du-men\/","title":{"rendered":"Adoption d\u2019un nouveau statut pour les enseignants chercheurs: Le d\u00e9menti du MEN"},"content":{"rendered":"<div class=\"single-featured\"><img alt=\"\" data-src=\"http:\/\/www.mapoujda.ma\/map\/uploads\/2021\/01\/Si\u00e8ge-Minist\u00e8re-de-l\u2019\u00c9ducation-Nationale-750\u00d7430-MAP.jpg\"\/><\/div>\n<div class=\"entry-content clearfix single-post-content\" readability=\"51\">\n<p class=\"c4\">Le minist\u00e8re de l\u2019Education nationale, de la formation professionnelle, de l\u2019enseignement sup\u00e9rieur et de la recherche scientifique \u2013 D\u00e9partement de l\u2019Enseignement sup\u00e9rieur et de la recherche scientifique \u2013 a cat\u00e9goriquement d\u00e9menti les informations sur l\u2019\u00e9laboration d\u2019un nouveau statut pour le personnel des universit\u00e9s.<\/p>\n<p class=\"c4\">En r\u00e9action \u00e0 des fausses informations v\u00e9hicul\u00e9es r\u00e9cemment par des sites \u00e9lectroniques, selon lesquelles le D\u00e9partement de l\u2019Enseignement sup\u00e9rieur et de la recherche scientifique aurait approuv\u00e9 un projet de loi portant statut particulier du personnel des universit\u00e9s, le minist\u00e8re assure dans un communiqu\u00e9 qu\u2019aucun projet de loi ne sera pr\u00e9sent\u00e9 sans une concertation pr\u00e9alable avec les d\u00e9partements minist\u00e9riels et les partenaires sociaux.<\/p>\n<p class=\"c4\">Avant son adoption, le projet sera examin\u00e9 par le comit\u00e9 juridique issue de la commission nationale charg\u00e9e du suivi de la mise en \u0153uvre de la loi-cadre, pr\u00e9sid\u00e9e par le Chef du gouvernement, pr\u00e9cise-t-on de m\u00eame source.<\/p>\n<\/div>\n<p>Auteur: Soufiane ELAHMAR<br \/>\n<a href=\"http:\/\/www.mapoujda.ma\/fr\/adoption-dun-nouveau-statut-pour-les-enseignants-chercheurs-le-dementi-du-men\/\">Cliquez ici pour lire l&rsquo;article depuis sa source.<\/a><\/p>\n","protected":false},"excerpt":{"rendered":"<p>Le minist\u00e8re de l\u2019Education nationale, de la formation professionnelle, de l\u2019enseignement sup\u00e9rieur et de la recherche scientifique \u2013 D\u00e9partement de l\u2019Enseignement sup\u00e9rieur et de la recherche scientifique \u2013 a cat\u00e9goriquement d\u00e9menti les informations sur l\u2019\u00e9laboration d\u2019un nouveau statut pour le personnel des universit\u00e9s. En r\u00e9action \u00e0 des fausses informations v\u00e9hicul\u00e9es r\u00e9cemment par des sites \u00e9lectroniques, [&hellip;]<\/p>\n","protected":false},"author":1788,"featured_media":0,"comment_status":"closed","ping_status":"closed","sticky":false,"template":"","format":"standard","meta":{"fifu_image_url":"http:\/\/www.mapoujda.ma\/map\/uploads\/2021\/01\/Si\u00e8ge-Minist\u00e8re-de-l\u2019\u00c9ducation-Nationale-750\u00d7430-MAP.jpg","fifu_image_alt":"Adoption d\u2019un nouveau statut pour les enseignants chercheurs: Le d\u00e9menti du MEN","footnotes":""},"categories":[54,76],"tags":[],"class_list":["post-114690","post","type-post","status-publish","format-standard","hentry","category-maroc","category-regions"],"_links":{"self":[{"href":"https:\/\/linitiative.ca\/International\/wp-json\/wp\/v2\/posts\/114690","targetHints":{"allow":["GET"]}}],"collection":[{"href":"https:\/\/linitiative.ca\/International\/wp-json\/wp\/v2\/posts"}],"about":[{"href":"https:\/\/linitiative.ca\/International\/wp-json\/wp\/v2\/types\/post"}],"author":[{"embeddable":true,"href":"https:\/\/linitiative.ca\/International\/wp-json\/wp\/v2\/users\/1788"}],"replies":[{"embeddable":true,"href":"https:\/\/linitiative.ca\/International\/wp-json\/wp\/v2\/comments?post=114690"}],"version-history":[{"count":0,"href":"https:\/\/linitiative.ca\/International\/wp-json\/wp\/v2\/posts\/114690\/revisions"}],"wp:attachment":[{"href":"https:\/\/linitiative.ca\/International\/wp-json\/wp\/v2\/media?parent=114690"}],"wp:term":[{"taxonomy":"category","embeddable":true,"href":"https:\/\/linitiative.ca\/International\/wp-json\/wp\/v2\/categories?post=114690"},{"taxonomy":"post_tag","embeddable":true,"href":"https:\/\/linitiative.ca\/International\/wp-json\/wp\/v2\/tags?post=114690"}],"curies":[{"name":"wp","href":"https:\/\/api.w.org\/{rel}","templated":true}]}}