{"id":114693,"date":"2021-04-11T06:40:37","date_gmt":"2021-04-11T10:40:37","guid":{"rendered":"https:\/\/linitiative.ca\/International\/enseignants-chercheurs-le-ministere-dement-ladoption-dun-nouveau-statut\/"},"modified":"2021-04-11T06:40:37","modified_gmt":"2021-04-11T10:40:37","slug":"enseignants-chercheurs-le-ministere-dement-ladoption-dun-nouveau-statut","status":"publish","type":"post","link":"https:\/\/linitiative.ca\/International\/enseignants-chercheurs-le-ministere-dement-ladoption-dun-nouveau-statut\/","title":{"rendered":"Enseignants chercheurs: Le minist\u00e8re d\u00e9ment l&rsquo;adoption d&rsquo;un nouveau statut"},"content":{"rendered":"<p class=\"rtejustify\">Suite aux fausses informations v\u00e9hicul\u00e9es par certains sites \u00e9lectroniques sur le statut des enseignants chercheurs, le d\u00e9partement de l&rsquo;Enseignement sup\u00e9rieur et de la recherche scientifique a r\u00e9agi en apportant un d\u00e9menti. La tutelle a\u00a0\u00ab\u00a0cat\u00e9goriquement d\u00e9menti les informations sur l&rsquo;\u00e9laboration d&rsquo;un nouveau statut pour le personnel des universit\u00e9s\u00a0\u00bb et l&rsquo;approbation d&rsquo;un projet de loi portant statut particulier du personnel des universit\u00e9s.<\/p>\n<p class=\"rtejustify\">\u00ab\u00a0Aucun projet de loi ne sera pr\u00e9sent\u00e9 sans une concertation pr\u00e9alable avec les d\u00e9partements minist\u00e9riels et les partenaires sociaux. Avant son adoption, le projet sera examin\u00e9 par le comit\u00e9 juridique issue de la commission nationale charg\u00e9e du suivi de la mise en \u0153uvre de la loi-cadre, pr\u00e9sid\u00e9e par le Chef du gouvernement\u00a0\u00bb, pr\u00e9cise ainsi la tutelle.<\/p>\n<p>Auteur: hgueye<br \/>\n<a href=\"https:\/\/www.leconomiste.com\/flash-infos\/enseignants-chercheurs-le-ministere-dement-l-adoption-d-un-nouveau-statut\">Cliquez ici pour lire l&rsquo;article depuis sa source.<\/a><\/p>\n","protected":false},"excerpt":{"rendered":"<p>Suite aux fausses informations v\u00e9hicul\u00e9es par certains sites \u00e9lectroniques sur le statut des enseignants chercheurs, le d\u00e9partement de l&rsquo;Enseignement sup\u00e9rieur et de la recherche scientifique a r\u00e9agi en apportant un d\u00e9menti. La tutelle a\u00a0\u00ab\u00a0cat\u00e9goriquement d\u00e9menti les informations sur l&rsquo;\u00e9laboration d&rsquo;un nouveau statut pour le personnel des universit\u00e9s\u00a0\u00bb et l&rsquo;approbation d&rsquo;un projet de loi portant statut [&hellip;]<\/p>\n","protected":false},"author":1763,"featured_media":0,"comment_status":"closed","ping_status":"closed","sticky":false,"template":"","format":"standard","meta":{"fifu_image_url":"","fifu_image_alt":"","footnotes":""},"categories":[78,54],"tags":[],"class_list":["post-114693","post","type-post","status-publish","format-standard","hentry","category-economie","category-maroc"],"_links":{"self":[{"href":"https:\/\/linitiative.ca\/International\/wp-json\/wp\/v2\/posts\/114693","targetHints":{"allow":["GET"]}}],"collection":[{"href":"https:\/\/linitiative.ca\/International\/wp-json\/wp\/v2\/posts"}],"about":[{"href":"https:\/\/linitiative.ca\/International\/wp-json\/wp\/v2\/types\/post"}],"author":[{"embeddable":true,"href":"https:\/\/linitiative.ca\/International\/wp-json\/wp\/v2\/users\/1763"}],"replies":[{"embeddable":true,"href":"https:\/\/linitiative.ca\/International\/wp-json\/wp\/v2\/comments?post=114693"}],"version-history":[{"count":0,"href":"https:\/\/linitiative.ca\/International\/wp-json\/wp\/v2\/posts\/114693\/revisions"}],"wp:attachment":[{"href":"https:\/\/linitiative.ca\/International\/wp-json\/wp\/v2\/media?parent=114693"}],"wp:term":[{"taxonomy":"category","embeddable":true,"href":"https:\/\/linitiative.ca\/International\/wp-json\/wp\/v2\/categories?post=114693"},{"taxonomy":"post_tag","embeddable":true,"href":"https:\/\/linitiative.ca\/International\/wp-json\/wp\/v2\/tags?post=114693"}],"curies":[{"name":"wp","href":"https:\/\/api.w.org\/{rel}","templated":true}]}}