{"id":114695,"date":"2021-04-11T10:51:02","date_gmt":"2021-04-11T14:51:02","guid":{"rendered":"https:\/\/linitiative.ca\/International\/france-les-actes-anti-musulmans-se-multiplient-a-lapproche-du-ramadan\/"},"modified":"2021-04-11T10:51:02","modified_gmt":"2021-04-11T14:51:02","slug":"france-les-actes-anti-musulmans-se-multiplient-a-lapproche-du-ramadan","status":"publish","type":"post","link":"https:\/\/linitiative.ca\/International\/france-les-actes-anti-musulmans-se-multiplient-a-lapproche-du-ramadan\/","title":{"rendered":"France: Les actes anti-musulmans se multiplient \u00e0 l&rsquo;approche du Ramadan"},"content":{"rendered":"<p>Les actes anti-musulmans se multiplient en France \u00e0 l&rsquo;approche du Ramadan. La dernier en date a concern\u00e9, ce dimanche, la ville de Rennes (Ouest de la France). La ville s\u2019est r\u00e9veill\u00e9e avec des tags anti-musulmans sur les murs ext\u00e9rieurs d\u2019un centre culturel islamique. Dans la nuit de jeudi \u00e0 vendredi, c\u2019est une mosqu\u00e9e de la ville de Nantes qui a vu sa porte d\u00e9truite par un incendie criminel, alors que vendredi un homme de 24 ans revendiquant des id\u00e9es n\u00e9o-nazies a \u00e9t\u00e9 mis en examen pour avoir menac\u00e9 de s&rsquo;en prendre \u00e0 une mosqu\u00e9e du Mans. Cette semaine, la journaliste Nadiya Lazzouni, vis\u00e9e par des menaces de mort, a r\u00e9clam\u00e9\u00a0une protection polici\u00e8re<\/p>\n<p>Face \u00e0 la recrudescence de ces actes antimusulmans \u00e0 l\u2019approche du Ramadan, le Conseil fran\u00e7ais du culte musulman (CFCM), principal interlocuteur des pouvoirs publics pour le culte musulman en France, a condamn\u00e9 dans les termes les plus forts, ces agissements abjectes, appelant les musulmans de France \u00e0 la vigilance.\u00a0<\/p>\n<p>Le ministre de l&rsquo;Int\u00e9rieur, G\u00e9rard Darmanin, a \u00e9galement r\u00e9agi ce dimanche. \u00ab\u00a0Les nombreuses inscriptions anti-musulmanes sur les murs de la mosqu\u00e9e Avicennes de Rennes sont inacceptables. Toute ma solidarit\u00e9 avec les musulmans de notre pays. Je me rendrai sur place en fin de journ\u00e9e\u00a0\u00bb, a-t-il \u00e9crit sur sa page Twitter.<\/p>\n<p>Auteur: hgueye<br \/>\n<a href=\"https:\/\/www.leconomiste.com\/flash-infos\/france-les-actes-anti-musulmans-se-multiplient-l-approche-du-ramadan\">Cliquez ici pour lire l&rsquo;article depuis sa source.<\/a><\/p>\n","protected":false},"excerpt":{"rendered":"<p>Les actes anti-musulmans se multiplient en France \u00e0 l&rsquo;approche du Ramadan. La dernier en date a concern\u00e9, ce dimanche, la ville de Rennes (Ouest de la France). La ville s\u2019est r\u00e9veill\u00e9e avec des tags anti-musulmans sur les murs ext\u00e9rieurs d\u2019un centre culturel islamique. Dans la nuit de jeudi \u00e0 vendredi, c\u2019est une mosqu\u00e9e de la [&hellip;]<\/p>\n","protected":false},"author":1763,"featured_media":0,"comment_status":"closed","ping_status":"closed","sticky":false,"template":"","format":"standard","meta":{"fifu_image_url":"","fifu_image_alt":"","footnotes":""},"categories":[78,54],"tags":[],"class_list":["post-114695","post","type-post","status-publish","format-standard","hentry","category-economie","category-maroc"],"_links":{"self":[{"href":"https:\/\/linitiative.ca\/International\/wp-json\/wp\/v2\/posts\/114695","targetHints":{"allow":["GET"]}}],"collection":[{"href":"https:\/\/linitiative.ca\/International\/wp-json\/wp\/v2\/posts"}],"about":[{"href":"https:\/\/linitiative.ca\/International\/wp-json\/wp\/v2\/types\/post"}],"author":[{"embeddable":true,"href":"https:\/\/linitiative.ca\/International\/wp-json\/wp\/v2\/users\/1763"}],"replies":[{"embeddable":true,"href":"https:\/\/linitiative.ca\/International\/wp-json\/wp\/v2\/comments?post=114695"}],"version-history":[{"count":0,"href":"https:\/\/linitiative.ca\/International\/wp-json\/wp\/v2\/posts\/114695\/revisions"}],"wp:attachment":[{"href":"https:\/\/linitiative.ca\/International\/wp-json\/wp\/v2\/media?parent=114695"}],"wp:term":[{"taxonomy":"category","embeddable":true,"href":"https:\/\/linitiative.ca\/International\/wp-json\/wp\/v2\/categories?post=114695"},{"taxonomy":"post_tag","embeddable":true,"href":"https:\/\/linitiative.ca\/International\/wp-json\/wp\/v2\/tags?post=114695"}],"curies":[{"name":"wp","href":"https:\/\/api.w.org\/{rel}","templated":true}]}}