{"id":114697,"date":"2021-04-11T15:14:01","date_gmt":"2021-04-11T19:14:01","guid":{"rendered":"https:\/\/linitiative.ca\/International\/international-la-presse-espagnole-salue-la-prestation-de-benzema-et-du-real-madrid\/"},"modified":"2021-04-11T15:14:01","modified_gmt":"2021-04-11T19:14:01","slug":"international-la-presse-espagnole-salue-la-prestation-de-benzema-et-du-real-madrid","status":"publish","type":"post","link":"https:\/\/linitiative.ca\/International\/international-la-presse-espagnole-salue-la-prestation-de-benzema-et-du-real-madrid\/","title":{"rendered":"International : La presse espagnole salue la prestation de Benzema et du Real Madrid"},"content":{"rendered":"<div readability=\"32\">\n<p>Auteur : <span class=\"time\">dimanche 11 avril 2021 12:47<\/span><\/p>\n<\/div>\n<div id=\"post_core\" readability=\"45\">\n<p>Mais surtout une victoire qui permet aux hommes de Zidane de s&#8217;emparer provisoirement de la t\u00eate du classement.<\/p>\n<p>\u00ab\u00a0Leader \u00e9pique !\u00a0\u00bb peut-on lire en Une de AS, ce matin. De son c\u00f4t\u00e9, Marca met \u00e9galement en avant la performance madril\u00e8ne, et plus particuli\u00e8rement celle d&rsquo;un certain Karim Benzema en titrant : \u00ab\u00a0le Real Madrid arme le talon\u00a0\u00bb. Une r\u00e9f\u00e9rence au but absolument g\u00e9nial, inscrit par le Fran\u00e7ais en d\u00e9but de rencontre, sur un centre de Lucas Vazquez comme le rappelle Footmercato. Un geste \u00e9galement salu\u00e9 par L&rsquo;\u00c9quipe qui parle d&rsquo;un \u00ab\u00a0Benzema Talon d&rsquo;or\u00a0\u00bb. En revanche, c&rsquo;est plut\u00f4t la soupe \u00e0 la grimace du c\u00f4t\u00e9 de la Catalogne, ce matin. \u00ab\u00a0Quel coup !\u00a0\u00bb peut-on lire en Une de SPORT. Un sacr\u00e9 retour \u00e0 la r\u00e9alit\u00e9 pour des Barcelonnais qui enchainaient et qui commen\u00e7aient \u00e0 croire au titre en fin de saison.<\/p>\n<p><strong>Publi\u00e9 dans :<\/strong> <span>Liga<\/span><\/p>\n<\/div>\n<p>Auteur:<br \/>\n<a href=\"http:\/\/www.lebuteur.com\/article\/detail?titre=la-presse-espagnole-salue-la-prestation-de-benzema-et-du-real-madrid&#038;id=99686&#038;utm_source=feedburner&#038;utm_medium=feed&#038;utm_campaign=Feed%3A+GalerieFArtciles+%28Les+derniers+articles++-+lebuteur.com%29\">Cliquez ici pour lire l&rsquo;article depuis sa source.<\/a><\/p>\n","protected":false},"excerpt":{"rendered":"<p>Auteur : dimanche 11 avril 2021 12:47 Mais surtout une victoire qui permet aux hommes de Zidane de s&#8217;emparer provisoirement de la t\u00eate du classement. \u00ab\u00a0Leader \u00e9pique !\u00a0\u00bb peut-on lire en Une de AS, ce matin. De son c\u00f4t\u00e9, Marca met \u00e9galement en avant la performance madril\u00e8ne, et plus particuli\u00e8rement celle d&rsquo;un certain Karim Benzema [&hellip;]<\/p>\n","protected":false},"author":1738,"featured_media":0,"comment_status":"closed","ping_status":"closed","sticky":false,"template":"","format":"standard","meta":{"fifu_image_url":"\/\/cdn.lebuteur.com\/data\/images\/article\/thumbs\/large-la-presse-espagnole-salue-la-prestation-de-benzema-et-du-real-madrid-bd18c.jpg","fifu_image_alt":"International : La presse espagnole salue la prestation de Benzema et du Real Madrid","footnotes":""},"categories":[53,75],"tags":[],"class_list":["post-114697","post","type-post","status-publish","format-standard","hentry","category-algerie","category-sport"],"_links":{"self":[{"href":"https:\/\/linitiative.ca\/International\/wp-json\/wp\/v2\/posts\/114697","targetHints":{"allow":["GET"]}}],"collection":[{"href":"https:\/\/linitiative.ca\/International\/wp-json\/wp\/v2\/posts"}],"about":[{"href":"https:\/\/linitiative.ca\/International\/wp-json\/wp\/v2\/types\/post"}],"author":[{"embeddable":true,"href":"https:\/\/linitiative.ca\/International\/wp-json\/wp\/v2\/users\/1738"}],"replies":[{"embeddable":true,"href":"https:\/\/linitiative.ca\/International\/wp-json\/wp\/v2\/comments?post=114697"}],"version-history":[{"count":0,"href":"https:\/\/linitiative.ca\/International\/wp-json\/wp\/v2\/posts\/114697\/revisions"}],"wp:attachment":[{"href":"https:\/\/linitiative.ca\/International\/wp-json\/wp\/v2\/media?parent=114697"}],"wp:term":[{"taxonomy":"category","embeddable":true,"href":"https:\/\/linitiative.ca\/International\/wp-json\/wp\/v2\/categories?post=114697"},{"taxonomy":"post_tag","embeddable":true,"href":"https:\/\/linitiative.ca\/International\/wp-json\/wp\/v2\/tags?post=114697"}],"curies":[{"name":"wp","href":"https:\/\/api.w.org\/{rel}","templated":true}]}}