{"id":114699,"date":"2021-04-11T15:14:05","date_gmt":"2021-04-11T19:14:05","guid":{"rendered":"https:\/\/linitiative.ca\/International\/international-serie-a-linter-milan-simpose-sans-briller-face-a-cagliari\/"},"modified":"2021-04-11T15:14:05","modified_gmt":"2021-04-11T19:14:05","slug":"international-serie-a-linter-milan-simpose-sans-briller-face-a-cagliari","status":"publish","type":"post","link":"https:\/\/linitiative.ca\/International\/international-serie-a-linter-milan-simpose-sans-briller-face-a-cagliari\/","title":{"rendered":"International : Serie A : L&rsquo;Inter Milan s&rsquo;impose sans briller face \u00e0 Cagliari"},"content":{"rendered":"<div readability=\"32\">\n<p>Auteur : <span class=\"time\">dimanche 11 avril 2021 14:20<\/span><\/p>\n<\/div>\n<div id=\"post_core\" readability=\"37\">\n<p>Gr\u00e2ce \u00e0 un but de Darmian dans le dernier quart d\u2019heure, les Nerazzurri se sont impos\u00e9s 1-0 en cette 30e\u00a0lev\u00e9e de Serie A. Un 11e\u00a0succ\u00e8s cons\u00e9cutif en championnat qui leur permet de garder leur avance confortable de 11 longueurs \u00e0 la t\u00eate du classement.<\/p>\n<p><strong>Publi\u00e9 dans :<\/strong> <span>Cagliari<\/span> <span>Serie A : Inter Milan<\/span><\/p>\n<\/div>\n<p>Auteur:<br \/>\n<a href=\"http:\/\/www.lebuteur.com\/article\/detail?titre=serie-a-linter-milan-simpose-sans-briller-face-a-cagliari&#038;id=99688&#038;utm_source=feedburner&#038;utm_medium=feed&#038;utm_campaign=Feed%3A+GalerieFArtciles+%28Les+derniers+articles++-+lebuteur.com%29\">Cliquez ici pour lire l&rsquo;article depuis sa source.<\/a><\/p>\n","protected":false},"excerpt":{"rendered":"<p>Auteur : dimanche 11 avril 2021 14:20 Gr\u00e2ce \u00e0 un but de Darmian dans le dernier quart d\u2019heure, les Nerazzurri se sont impos\u00e9s 1-0 en cette 30e\u00a0lev\u00e9e de Serie A. Un 11e\u00a0succ\u00e8s cons\u00e9cutif en championnat qui leur permet de garder leur avance confortable de 11 longueurs \u00e0 la t\u00eate du classement. Publi\u00e9 dans : Cagliari [&hellip;]<\/p>\n","protected":false},"author":1738,"featured_media":0,"comment_status":"closed","ping_status":"closed","sticky":false,"template":"","format":"standard","meta":{"fifu_image_url":"\/\/cdn.lebuteur.com\/data\/images\/article\/thumbs\/large-serie-a-linter-milan-simpose-sans-briller-face-a-cagliari-e7eb8.jpg","fifu_image_alt":"International : Serie A : L'Inter Milan s'impose sans briller face \u00e0 Cagliari","footnotes":""},"categories":[53,75],"tags":[],"class_list":["post-114699","post","type-post","status-publish","format-standard","hentry","category-algerie","category-sport"],"_links":{"self":[{"href":"https:\/\/linitiative.ca\/International\/wp-json\/wp\/v2\/posts\/114699","targetHints":{"allow":["GET"]}}],"collection":[{"href":"https:\/\/linitiative.ca\/International\/wp-json\/wp\/v2\/posts"}],"about":[{"href":"https:\/\/linitiative.ca\/International\/wp-json\/wp\/v2\/types\/post"}],"author":[{"embeddable":true,"href":"https:\/\/linitiative.ca\/International\/wp-json\/wp\/v2\/users\/1738"}],"replies":[{"embeddable":true,"href":"https:\/\/linitiative.ca\/International\/wp-json\/wp\/v2\/comments?post=114699"}],"version-history":[{"count":0,"href":"https:\/\/linitiative.ca\/International\/wp-json\/wp\/v2\/posts\/114699\/revisions"}],"wp:attachment":[{"href":"https:\/\/linitiative.ca\/International\/wp-json\/wp\/v2\/media?parent=114699"}],"wp:term":[{"taxonomy":"category","embeddable":true,"href":"https:\/\/linitiative.ca\/International\/wp-json\/wp\/v2\/categories?post=114699"},{"taxonomy":"post_tag","embeddable":true,"href":"https:\/\/linitiative.ca\/International\/wp-json\/wp\/v2\/tags?post=114699"}],"curies":[{"name":"wp","href":"https:\/\/api.w.org\/{rel}","templated":true}]}}