{"id":114701,"date":"2021-04-11T15:14:08","date_gmt":"2021-04-11T19:14:08","guid":{"rendered":"https:\/\/linitiative.ca\/International\/pros-ol-slimani-titulaire-face-a-angers-benlamri-absent\/"},"modified":"2021-04-11T15:14:08","modified_gmt":"2021-04-11T19:14:08","slug":"pros-ol-slimani-titulaire-face-a-angers-benlamri-absent","status":"publish","type":"post","link":"https:\/\/linitiative.ca\/International\/pros-ol-slimani-titulaire-face-a-angers-benlamri-absent\/","title":{"rendered":"Pros : OL : Slimani titulaire face \u00e0 Angers. Benlamri absent"},"content":{"rendered":"<div readability=\"32\">\n<p>Auteur : <span class=\"time\">dimanche 11 avril 2021 19:42<\/span><\/p>\n<\/div>\n<div id=\"post_core\" readability=\"56\">\n<p>Apr\u00e8s une s\u00e9rie de trois matchs sans victoire, les Gones doivent absolument r\u00e9agir dans la course au titre et l&rsquo;entra\u00eeneur lyonnais Rudi Garcia sera priv\u00e9 de Benlamri, Aouar et Kadewere, bless\u00e9s. Voici la composition des deux \u00e9quipes.<\/p>\n<p><strong>Lyon :<\/strong> Lopes &#8211; Dubois, Marcelo, Denayer, Cornet &#8211; Caqueret, Guimaraes &#8211; Toko-Ekambi, Paqueta, Depay (c) &#8211; Slimani.<\/p>\n<p><strong>Angers :<\/strong> Bernardoni &#8211; Bamba, Traor\u00e9 (c), Thomas, Pavlovic, Doumbia &#8211; Capelle, Amadou, Fulgini, Thioub &#8211; Bahoken.<\/p>\n<p><strong>Publi\u00e9 dans :<\/strong> <span>slimani<\/span><\/p>\n<\/div>\n<p>Auteur:<br \/>\n<a href=\"http:\/\/www.lebuteur.com\/article\/detail?titre=ol-slimani-titulaire-face-a-angers-benlamri-absent&#038;id=99690&#038;utm_source=feedburner&#038;utm_medium=feed&#038;utm_campaign=Feed%3A+GalerieFArtciles+%28Les+derniers+articles++-+lebuteur.com%29\">Cliquez ici pour lire l&rsquo;article depuis sa source.<\/a><\/p>\n","protected":false},"excerpt":{"rendered":"<p>Auteur : dimanche 11 avril 2021 19:42 Apr\u00e8s une s\u00e9rie de trois matchs sans victoire, les Gones doivent absolument r\u00e9agir dans la course au titre et l&rsquo;entra\u00eeneur lyonnais Rudi Garcia sera priv\u00e9 de Benlamri, Aouar et Kadewere, bless\u00e9s. Voici la composition des deux \u00e9quipes. Lyon : Lopes &#8211; Dubois, Marcelo, Denayer, Cornet &#8211; Caqueret, Guimaraes [&hellip;]<\/p>\n","protected":false},"author":1738,"featured_media":0,"comment_status":"closed","ping_status":"closed","sticky":false,"template":"","format":"standard","meta":{"fifu_image_url":"\/\/cdn.lebuteur.com\/data\/images\/article\/thumbs\/large-ol-slimani-titulaire-face-a-angers-benlamri-absent-c8baa.jpg","fifu_image_alt":"Pros : OL : Slimani titulaire face \u00e0 Angers. Benlamri absent","footnotes":""},"categories":[53,75],"tags":[],"class_list":["post-114701","post","type-post","status-publish","format-standard","hentry","category-algerie","category-sport"],"_links":{"self":[{"href":"https:\/\/linitiative.ca\/International\/wp-json\/wp\/v2\/posts\/114701","targetHints":{"allow":["GET"]}}],"collection":[{"href":"https:\/\/linitiative.ca\/International\/wp-json\/wp\/v2\/posts"}],"about":[{"href":"https:\/\/linitiative.ca\/International\/wp-json\/wp\/v2\/types\/post"}],"author":[{"embeddable":true,"href":"https:\/\/linitiative.ca\/International\/wp-json\/wp\/v2\/users\/1738"}],"replies":[{"embeddable":true,"href":"https:\/\/linitiative.ca\/International\/wp-json\/wp\/v2\/comments?post=114701"}],"version-history":[{"count":0,"href":"https:\/\/linitiative.ca\/International\/wp-json\/wp\/v2\/posts\/114701\/revisions"}],"wp:attachment":[{"href":"https:\/\/linitiative.ca\/International\/wp-json\/wp\/v2\/media?parent=114701"}],"wp:term":[{"taxonomy":"category","embeddable":true,"href":"https:\/\/linitiative.ca\/International\/wp-json\/wp\/v2\/categories?post=114701"},{"taxonomy":"post_tag","embeddable":true,"href":"https:\/\/linitiative.ca\/International\/wp-json\/wp\/v2\/tags?post=114701"}],"curies":[{"name":"wp","href":"https:\/\/api.w.org\/{rel}","templated":true}]}}