{"id":114702,"date":"2021-04-11T04:00:00","date_gmt":"2021-04-11T08:00:00","guid":{"rendered":"https:\/\/linitiative.ca\/International\/mohamed-ennaceur-et-le-combat-constant-pour-une-republique-sociale-volontariste-et-consensuelle-video-et-album-photos\/"},"modified":"2021-04-11T04:00:00","modified_gmt":"2021-04-11T08:00:00","slug":"mohamed-ennaceur-et-le-combat-constant-pour-une-republique-sociale-volontariste-et-consensuelle-video-et-album-photos","status":"publish","type":"post","link":"https:\/\/linitiative.ca\/International\/mohamed-ennaceur-et-le-combat-constant-pour-une-republique-sociale-volontariste-et-consensuelle-video-et-album-photos\/","title":{"rendered":"Mohamed Ennaceur et le combat constant pour une R\u00e9publique sociale volontariste et consensuelle (Vid\u00e9o et Album photos)"},"content":{"rendered":"<p><span class=\"c2\"><strong><em>Par Hatem Kotrane.<\/em> Professeur \u00e9m\u00e9rite \u00e0 la Facult\u00e9 des sciences juridiques, politiques et sociales de Tunis.<\/strong><\/span><\/p>\n<p><span class=\"c3\"><strong>1.<\/strong><\/span> La Tunisie a-t-elle sacrifi\u00e9 son mod\u00e8le social depuis l\u2019av\u00e8nement de la deuxi\u00e8me R\u00e9publique? Quel sens peut-on encore donner aujourd\u2019hui aux valeurs de solidarit\u00e9, de justice sociale, de n\u00e9gociation collective, de contrat social en somme, si ancr\u00e9es dans\u00a0 l\u2019\u0153uvre men\u00e9e par Si Mohamed Ennaceur durant pr\u00e8s d\u2019un demi-si\u00e8cle aux plus hautes\u00a0 responsabilit\u00e9s au service de l\u2019Etat, qui sont ouvertement proclam\u00e9es dans le Pr\u00e9ambule et aux articles 12, 35, 36 et 40 de la Constitution du 27 janvier 2014\u00a0 et qui trouvent pourtant des difficult\u00e9s \u00e0 \u00eatre r\u00e9inscrites, aujourd\u2019hui, dans la r\u00e9alit\u00e9 ?\u00a0<\/p>\n<p><span class=\"c3\"><strong>2.<\/strong><\/span> L\u2019interrogation est l\u00e9gitime et traverse l\u2019ouvrage \u00abDeux R\u00e9publique, une Tunisie\u00bb o\u00f9 l\u2019illustre auteur \u2013 et n\u00e9anmoins ami \u2013\u00a0 nous rappelle que la 1\u00e8re R\u00e9publique et sa Constitution du 1er juin 1959, alors m\u00eame qu\u2019elle a \u00e9t\u00e9 marqu\u00e9e par cinquante-cinq ans de r\u00e9gimes pour le moins personnels, qui ont gouvern\u00e9 la Tunisie, lui aura tout de m\u00eame permis de b\u00e9n\u00e9ficier d\u2019une relative stabilit\u00e9 gr\u00e2ce surtout \u00e0 une politique sociale que Si Mohamed Ennaceur a largement contribu\u00e9 \u00e0 d\u00e9fendre et \u00e0 mettre en place, aux diff\u00e9rentes responsabilit\u00e9s qu\u2019il a assum\u00e9es, et qui a toujours pr\u00e9sent\u00e9 la caract\u00e9ristique d\u2019une politique assez volontariste, marqu\u00e9e par les phases d\u2019interventionnisme de l\u2019Etat qui ont influenc\u00e9 durablement la l\u00e9gislation comme l\u2019attitude des diff\u00e9rents acteurs.<\/p>\n<p class=\"c4\"><iframe loading=\"lazy\" src=\"https:\/\/www.youtube.com\/embed\/znk2p0QjXH8\" title=\"YouTube video player\" allow=\"accelerometer; autoplay; clipboard-write; encrypted-media; gyroscope; picture-in-picture\" allowfullscreen=\"allowfullscreen\" width=\"560\" height=\"315\" frameborder=\"0\">[embedded content]<\/iframe><\/p>\n<p><span class=\"c3\"><strong>3.<\/strong><\/span> Volontariste, la politique sociale a vite \u00e9t\u00e9 surtout \u2013 et c\u2019est sa seconde caract\u00e9ristique \u2013 une politique consensuelle, de dialogue social. Si Mohamed Ennaceur nous rappelle sur ce point qu\u2019il a \u00e9t\u00e9 justement nomm\u00e9, sur proposition de Feu H\u00e9di Nouira, ministre des Affaires sociales \u00e0 partir du 14 janvier 1974 en vue de mettre en \u0153uvre la nouvelle politique contractuelle amorc\u00e9e par l\u2019adoption de la Convention collective cadre, sign\u00e9e \u00e0 Tunis le 20 mars 1973 entre le Gouvernement, l&rsquo;Union G\u00e9n\u00e9rale Tunisienne du Travail et l\u2019Union Tunisienne de l&rsquo;Industrie, du Commerce et de l&rsquo;Artisanat et qui a \u00e9t\u00e9, vite, relay\u00e9e par des conventions collectives nationales sectorielles couvrant la plupart des activit\u00e9s du secteur productif, avec un r\u00f4le souvent actif de l\u2019Etat amenant les partenaires sociaux \u00e0 la conclusion d\u2019un Pacte social tendant \u00e0 r\u00e9aliser une sorte d\u2019\u00e9quilibre entre des int\u00e9r\u00eats parfois n\u00e9cessairement divergents.<\/p>\n<p><span class=\"c3\"><strong>4.<\/strong><\/span> Voil\u00e0 l\u2019\u0153uvre constante de Si Mohamed Ennaceur comme ministre des Affaires sociales, \u0153uvre entre temps mise en veilleuse suite\u00a0 \u00e0 la d\u00e9gradation du climat politique et social et \u00e0 sa d\u00e9mission, le 25 d\u00e9cembre 1977, un mois avant les tristes \u00e9v\u00e8nements du 26 janvier 1978. Mais \u0153uvre qui sera reprise plus tard\u00a0 \u00e0 la suite de sa nomination, le 7 novembre 1979, au m\u00eame poste de ministre des Affaires sociales, marquant l\u2019amorce d\u2019une certaine d\u00e9crispation politique et d\u2019une reprise de la politique sociale.<\/p>\n<p><span class=\"c3\"><strong>5.<\/strong><\/span> Mais c\u2019est surtout cette m\u00eame foi en la politique consensuelle qui am\u00e8nera, plus tard, Si Mohamed Ennaceur \u00e0 jouer un r\u00f4le actif comme premier Pr\u00e9sident \u00e0 exercer \u00e0 plein temps \u00e0 la t\u00eate du Conseil \u00e9conomique et social depuis octobre 1985, \u00e0 fonder, presque aussit\u00f4t apr\u00e8s, l\u2019Association tunisienne de droit social et, surtout, \u00e0 occuper, bien plus tard, presque 25 ans apr\u00e8s et \u00e0 nouveau,\u00a0 pour la 3\u00e8me fois, ce m\u00eame poste de ministre des Affaires sociales.<\/p>\n<p>Fait tout \u00e0 fait insolite et exceptionnel, marquant le lien entre deux R\u00e9publiques et, surtout, cette m\u00eame foi en une seule Tunisie, tout autant sociale et consensuelle que Si Mohamed Ennaceur marquera de son empreinte en jouant un r\u00f4le pionnier lors de la signature du nouveau contrat social entre le Gouvernement, l\u2019UTICA et l\u2019UGTT, le 14 janvier 2013 au si\u00e8ge de l\u2019Assembl\u00e9e nationale constituante, comportant, parmi ses cinq principaux axes, un axe intitul\u00e9 \u00abl\u2019institutionnalisation du dialogue social tripartite\u00bb, finalement mis en place \u00e0 la faveur de l\u2019adoption par l\u2019Assembl\u00e9e des repr\u00e9sentants du peuple, dont il \u00e9tait par la suite \u00e9lu Pr\u00e9sident, de la loi n\u00b0 2017-54 du 24 juillet 2017 portant cr\u00e9ation du Conseil national du dialogue social et dont le fondement essentiel est de redynamiser le dialogue social et de redonner, ainsi, un sens r\u00e9el et tangible \u00e0 la d\u00e9mocratie et aux droits de l\u2019homme, jusque-l\u00e0 contourn\u00e9s dans le champ politique et qui gagneraient en r\u00e9alit\u00e9 \u00e0 \u00eatre \u00e9tendus aux domaines \u00e9conomique et social, dimensions vitales de l\u2019activit\u00e9 humaine !\u00a0<\/p>\n<p><span class=\"c3\"><strong>6.<\/strong><\/span> Puissions-nous alors perp\u00e9tuer l\u2019\u0153uvre d\u2019un homme d\u2019Etat, d\u2019un grand serviteur de la cause des droits de l\u2019homme au plan national et international,\u00a0 qui a tr\u00e8s t\u00f4t saisi toute l\u2019importance de l\u2019engagement social, en vue d\u2019institutionnaliser le dialogue social dont la r\u00e9ussite d\u00e9pend, aujourd\u2019hui plus que nagu\u00e8re, de sa capacit\u00e9 \u00e0 int\u00e9grer en son sein tous les acteurs \u00e9conomiques et sociaux, \u00e0 endiguer les conflits sociaux et \u00e0 permettre, surtout, \u00e0 la jeunesse de ce pays de r\u00e9inscrire la Tunisie unie, solidaire, sociale\u00a0 et r\u00e9solument tourn\u00e9e vers la modernit\u00e9, \u00e9ternellement dans sa confiance !<\/p>\n<p><span class=\"c3\"><strong>Deux R\u00e9publiques, une Tunisie<\/strong><\/span><br \/><strong>de Mohamed Ennaceur<\/strong><br \/><em>Editions Leaders, mars 2021, 684 pages, 88 photos, 38 DT<br \/>En librairies et sur<\/em> <a href=\"https:\/\/www.leadersbooks.com.tn\/produit\/deux-republiques-une-tunisie\/\" target=\"_blank\" rel=\"noopener\"><em>www.leadersbooks.com.tn<\/em><\/a><\/p>\n<p><em>Aussi sur<\/em> <a href=\"https:\/\/www.ceresbookshop.com\/fr\/selection-livres-tunisiens\/8756-deux-r%C3%A9publiques-en-tunisie.html?search_query=mohamed+ennaceur&amp;results=1\" target=\"_blank\" rel=\"noopener\">www.ceresbookshop.com\/fr<\/a><\/p>\n<p class=\"c6\"><strong>Hatem Kotrane<br \/><\/strong> <em><span class=\"c5\">Professeur \u00e9m\u00e9rite \u00e0 la Facult\u00e9 des sciences juridiques,<br \/>politiques et sociales de Tunis.<\/span><\/em><\/p>\n<p><strong>Lire aussi<\/strong><\/p>\n<p><a href=\"https:\/\/www.leaders.com.tn\/article\/31696-quand-les-affaires-sociales-celebrent-le-recit-de-leur-histoire-dans-les-memoires-de-mohamed-ennaceur-album-photos\" target=\"_blank\" rel=\"noopener\">Quand les Affaires sociales c\u00e9l\u00e8brent le r\u00e9cit de leur histoire, dans les m\u00e9moires de Mohamed Ennaceur (Vid\u00e9o et Album photos)<\/a><\/p>\n<p><a href=\"https:\/\/www.leaders.com.tn\/article\/31689-nouveau-tirage-ou-trouver-le-livre-de-mohamed-ennaceur-deux-republique-une-tunisie-video\" target=\"_blank\" rel=\"noopener\">Nouveau tirage &#8211; O\u00f9 trouver le livre de Mohamed Ennaceur : Deux R\u00e9publique, une Tunisie (Vid\u00e9o)<\/a><\/p>\n<p><a href=\"https:\/\/www.leaders.com.tn\/article\/31611-mohamed-ennaceur\" target=\"_blank\" rel=\"noopener\">Un livre \u00e9v\u00e8nement : Les m\u00e9moires de Mohamed Ennaceur \u2018\u2019Deux R\u00e9publiques, une Tunisie\u2019\u2019<\/a><\/p>\n<p>\u00a0<\/p>\n<p>Auteur:<br \/>\n<a href=\"https:\/\/www.leaders.com.tn\/article\/31693-mohamed-ennaceur-et-le-combat-constant-pour-une-republique-sociale-volontariste-et-consensuelle\">Cliquez ici pour lire l&rsquo;article depuis sa source.<\/a><\/p>\n","protected":false},"excerpt":{"rendered":"<p>Par Hatem Kotrane. Professeur \u00e9m\u00e9rite \u00e0 la Facult\u00e9 des sciences juridiques, politiques et sociales de Tunis. 1. La Tunisie a-t-elle sacrifi\u00e9 son mod\u00e8le social depuis l\u2019av\u00e8nement de la deuxi\u00e8me R\u00e9publique? Quel sens peut-on encore donner aujourd\u2019hui aux valeurs de solidarit\u00e9, de justice sociale, de n\u00e9gociation collective, de contrat social en somme, si ancr\u00e9es dans\u00a0 l\u2019\u0153uvre [&hellip;]<\/p>\n","protected":false},"author":1772,"featured_media":0,"comment_status":"closed","ping_status":"closed","sticky":false,"template":"","format":"standard","meta":{"fifu_image_url":"","fifu_image_alt":"","footnotes":""},"categories":[73,55],"tags":[],"class_list":["post-114702","post","type-post","status-publish","format-standard","hentry","category-actualite","category-tunisie"],"_links":{"self":[{"href":"https:\/\/linitiative.ca\/International\/wp-json\/wp\/v2\/posts\/114702","targetHints":{"allow":["GET"]}}],"collection":[{"href":"https:\/\/linitiative.ca\/International\/wp-json\/wp\/v2\/posts"}],"about":[{"href":"https:\/\/linitiative.ca\/International\/wp-json\/wp\/v2\/types\/post"}],"author":[{"embeddable":true,"href":"https:\/\/linitiative.ca\/International\/wp-json\/wp\/v2\/users\/1772"}],"replies":[{"embeddable":true,"href":"https:\/\/linitiative.ca\/International\/wp-json\/wp\/v2\/comments?post=114702"}],"version-history":[{"count":0,"href":"https:\/\/linitiative.ca\/International\/wp-json\/wp\/v2\/posts\/114702\/revisions"}],"wp:attachment":[{"href":"https:\/\/linitiative.ca\/International\/wp-json\/wp\/v2\/media?parent=114702"}],"wp:term":[{"taxonomy":"category","embeddable":true,"href":"https:\/\/linitiative.ca\/International\/wp-json\/wp\/v2\/categories?post=114702"},{"taxonomy":"post_tag","embeddable":true,"href":"https:\/\/linitiative.ca\/International\/wp-json\/wp\/v2\/tags?post=114702"}],"curies":[{"name":"wp","href":"https:\/\/api.w.org\/{rel}","templated":true}]}}