{"id":114709,"date":"2021-04-11T06:39:51","date_gmt":"2021-04-11T10:39:51","guid":{"rendered":"https:\/\/linitiative.ca\/International\/covid-19-el-otmani-devant-les-deux-chambres-du-parlement-ce-lundi\/"},"modified":"2021-04-11T06:39:51","modified_gmt":"2021-04-11T10:39:51","slug":"covid-19-el-otmani-devant-les-deux-chambres-du-parlement-ce-lundi","status":"publish","type":"post","link":"https:\/\/linitiative.ca\/International\/covid-19-el-otmani-devant-les-deux-chambres-du-parlement-ce-lundi\/","title":{"rendered":"Covid-19 : El Otmani devant les deux chambres du Parlement ce lundi"},"content":{"rendered":"<p><strong>La Chambre des repr\u00e9sentants et la Chambre des conseillers tiendront, lundi 12 avril, une s\u00e9ance commune qui sera consacr\u00e9e \u00e0 la pr\u00e9sentation par le chef du gouvernement, Sa\u00e2d Dine El\u00a0Otmani, de la \u00ab\u00a0situation \u00e9pid\u00e9miologique de la covid-19\u00a0\u00bb.<\/strong><\/p>\n<div class=\"c10\">\n<\/div>\n<p>Les parlementaires attendent de pied ferme le chef du gouvernement pour la s\u00e9ance pl\u00e9ni\u00e8re commune programm\u00e9e lundi 12 avril. Sa\u00e2d Dine El\u00a0<em>Otmani<\/em> devra intervenir devant les deux Chambres r\u00e9unies pour pr\u00e9senter des donn\u00e9es sur la situation \u00e9pid\u00e9miologique dans le Royaume, selon un communiqu\u00e9 conjoint.\u00a0\u00a0 L\u2019intervention de El Otmani sera ax\u00e9e sur \u00ab\u00a0la situation \u00e9pid\u00e9miologique de la covid-19 : les \u00e9volutions, les mesures de pr\u00e9vention et d\u2019accompagnement\u00a0\u00bb, pr\u00e9cise la m\u00eame source.\u00a0\u00a0 La s\u00e9ance qui d\u00e9butera \u00e0 15H30 se tiendra conform\u00e9ment \u00e0 l\u2019article 68 de la Constitution, dans le respect des mesures pr\u00e9ventives adopt\u00e9es contre la pand\u00e9mie, souligne le communiqu\u00e9.<\/p>\n<p><strong>Lire aussi| <a href=\"https:\/\/www.challenge.ma\/simplification-des-procedures-la-douane-accelere-la-cadence-181187\/\">Simplification des proc\u00e9dures : la Douane acc\u00e9l\u00e8re la cadence<\/a><\/strong><\/p>\n<p>Auteur: challenge<br \/>\n<a href=\"https:\/\/www.challenge.ma\/covid-19-el-otmani-devant-les-deux-chambres-du-parlement-ce-lundi-181214\/\">Cliquez ici pour lire l&rsquo;article depuis sa source.<\/a><\/p>\n","protected":false},"excerpt":{"rendered":"<p>La Chambre des repr\u00e9sentants et la Chambre des conseillers tiendront, lundi 12 avril, une s\u00e9ance commune qui sera consacr\u00e9e \u00e0 la pr\u00e9sentation par le chef du gouvernement, Sa\u00e2d Dine El\u00a0Otmani, de la \u00ab\u00a0situation \u00e9pid\u00e9miologique de la covid-19\u00a0\u00bb. Les parlementaires attendent de pied ferme le chef du gouvernement pour la s\u00e9ance pl\u00e9ni\u00e8re commune programm\u00e9e lundi 12 [&hellip;]<\/p>\n","protected":false},"author":1787,"featured_media":0,"comment_status":"closed","ping_status":"closed","sticky":false,"template":"","format":"standard","meta":{"fifu_image_url":"","fifu_image_alt":"","footnotes":""},"categories":[78,54],"tags":[],"class_list":["post-114709","post","type-post","status-publish","format-standard","hentry","category-economie","category-maroc"],"_links":{"self":[{"href":"https:\/\/linitiative.ca\/International\/wp-json\/wp\/v2\/posts\/114709","targetHints":{"allow":["GET"]}}],"collection":[{"href":"https:\/\/linitiative.ca\/International\/wp-json\/wp\/v2\/posts"}],"about":[{"href":"https:\/\/linitiative.ca\/International\/wp-json\/wp\/v2\/types\/post"}],"author":[{"embeddable":true,"href":"https:\/\/linitiative.ca\/International\/wp-json\/wp\/v2\/users\/1787"}],"replies":[{"embeddable":true,"href":"https:\/\/linitiative.ca\/International\/wp-json\/wp\/v2\/comments?post=114709"}],"version-history":[{"count":0,"href":"https:\/\/linitiative.ca\/International\/wp-json\/wp\/v2\/posts\/114709\/revisions"}],"wp:attachment":[{"href":"https:\/\/linitiative.ca\/International\/wp-json\/wp\/v2\/media?parent=114709"}],"wp:term":[{"taxonomy":"category","embeddable":true,"href":"https:\/\/linitiative.ca\/International\/wp-json\/wp\/v2\/categories?post=114709"},{"taxonomy":"post_tag","embeddable":true,"href":"https:\/\/linitiative.ca\/International\/wp-json\/wp\/v2\/tags?post=114709"}],"curies":[{"name":"wp","href":"https:\/\/api.w.org\/{rel}","templated":true}]}}