{"id":114710,"date":"2021-04-11T08:17:56","date_gmt":"2021-04-11T12:17:56","guid":{"rendered":"https:\/\/linitiative.ca\/International\/crise-franco-algerienne-la-decision-de-lrem-douvrir-un-bureau-a-dakhla-fait-capoter-la-visite-du-premier-ministre-francais-a-alger\/"},"modified":"2021-04-11T08:17:56","modified_gmt":"2021-04-11T12:17:56","slug":"crise-franco-algerienne-la-decision-de-lrem-douvrir-un-bureau-a-dakhla-fait-capoter-la-visite-du-premier-ministre-francais-a-alger","status":"publish","type":"post","link":"https:\/\/linitiative.ca\/International\/crise-franco-algerienne-la-decision-de-lrem-douvrir-un-bureau-a-dakhla-fait-capoter-la-visite-du-premier-ministre-francais-a-alger\/","title":{"rendered":"Crise franco-alg\u00e9rienne : la d\u00e9cision de LREM d\u2019ouvrir un bureau \u00e0 Dakhla fait capoter la visite du Premier ministre fran\u00e7ais \u00e0 Alger"},"content":{"rendered":"<p><strong>Le d\u00e9placement<\/strong> <strong>du Premier ministre fran\u00e7ais<\/strong> <strong>Jean Castex<\/strong> <strong>\u00e0 Alger, pr\u00e9vue aujourd\u2019hui dimanche 11 avril,<\/strong> <strong>\u00e0 l\u2019occasion d\u2019un comit\u00e9 intergouvernemental franco-alg\u00e9rien, a \u00e9t\u00e9 report\u00e9 sine die dans la soir\u00e9e du jeudi 8 avril \u00e0 la demande de la partie alg\u00e9rienne. Si le gouvernement alg\u00e9rien n\u2019a fourni aucune explication, des sources concordantes fran\u00e7aises et alg\u00e9riennes \u00e9voquent des<\/strong> <strong>raisons diplomatiques.<\/strong><\/p>\n<div class=\"c10\">\n<\/div>\n<p>\u00ab\u00a0Provocation\u00a0\u00bb sur la question du Sahara, taille de la d\u00e9l\u00e9gation minist\u00e9rielle fran\u00e7aise, \u00ab\u00a0armada de journalistes\u00a0\u00bb parisiens, soutien au mouvement pro-d\u00e9mocratie du Hirak\u2026 Les m\u00e9dias alg\u00e9riens ont tir\u00e9 samedi 10 avril \u00e0 boulets rouges sur Paris, apr\u00e8s l\u2019annulation \u00e0 la demande d\u2019Alger de la visite pr\u00e9vue ce dimanche du Premier ministre fran\u00e7ais Jean Castex.<\/p>\n<h2>Discorde autour du Sahara<\/h2>\n<p>La question du Sahara est \u00ab\u00a0sensible\u00a0\u00bb pour l\u2019Alg\u00e9rie et l\u2019annonce jeudi 8 avril du parti du pr\u00e9sident fran\u00e7ais LREM (La R\u00e9publique en marche) d\u2019ouvrir un bureau \u00e0 Dakhla, est consid\u00e9r\u00e9e comme \u00ab\u00a0une provocation\u00a0\u00bb de la France, explique \u00e0 l\u2019AFP le chercheur Hasni Abidi, directeur du Centre d\u2019\u00e9tudes et de recherches sur le monde arabe et m\u00e9diterran\u00e9en \u00e0 Gen\u00e8ve. Selon ce chercheur alg\u00e9rien, \u00ab\u00a0il y a un courant anti-alg\u00e9rien (au sein du parti pr\u00e9sidentiel) qui veut maintenir la tension entre les deux pays\u00a0\u00bb.\u00a0<\/p>\n<p>Une ligne rouge pour Alger qui soutient le Polisario. Le m\u00eame jour, souligne El Watan, le chef de la diplomatie fran\u00e7aise Jean-Yves Le Drian a r\u00e9it\u00e9r\u00e9 \u00ab\u00a0le soutien de la France au plan d\u2019autonomie marocain comme une base s\u00e9rieuse et cr\u00e9dible\u00a0\u00bb pour r\u00e9gler ce conflit, lors d\u2019un entretien avec son homologue marocain Nasser Bourita. Une autre ligne rouge pour Alger.<\/p>\n<p><strong>Lire aussi| <a href=\"https:\/\/www.challenge.ma\/covid-19-el-otmani-devant-les-deux-chambres-du-parlement-ce-lundi-181214\/\">Covid-19 : El Otmani devant les deux chambres du Parlement ce lundi<\/a><\/strong><\/p>\n<p>\u00ab\u00a0On est en droit de s\u2019interroger sur le jeu trouble des autorit\u00e9s fran\u00e7aises\u00a0\u00bb, \u00e9crit l\u2019\u00e9ditorialiste du quotidien francophone El Watan sous le titre\u00a0: \u00ab\u00a0Graves hostilit\u00e9s fran\u00e7aises\u00a0\u00bb.<\/p>\n<p>\u00ab\u00a0Le report de la visite de Castex confirme la profondeur du foss\u00e9 entre l\u2019Alg\u00e9rie et la France : la rupture s\u2019amplifie\u00a0\u00bb, rench\u00e9rit le plus fort tirage arabophone, El Khabar.\u00a0<\/p>\n<p>Le d\u00e9placement de Jean Castex, pr\u00e9vu dimanche \u00e0 l\u2019occasion d\u2019un comit\u00e9 intergouvernemental franco-alg\u00e9rien (CIHN), a \u00e9t\u00e9 report\u00e9 sine die dans la soir\u00e9e du jeudi 8 avril \u00e0 la demande de la partie alg\u00e9rienne.\u00a0 Si Alger n\u2019a fourni publiquement aucune explication, des sources concordantes fran\u00e7aises et alg\u00e9riennes ont attribu\u00e9 cette annulation surprise \u00e0 la taille de la d\u00e9l\u00e9gation minist\u00e9rielle fran\u00e7aise (r\u00e9duite \u00e0 trois ou quatre membres du gouvernement en raison du \u00ab\u00a0contexte sanitaire\u00a0\u00bb) jug\u00e9e insuffisante c\u00f4t\u00e9 alg\u00e9rien.<\/p>\n<p>La r\u00e9union de dimanche avait pour but de tenir pour la premi\u00e8re fois depuis d\u00e9cembre 2017 un \u00ab\u00a0Comit\u00e9 intergouvernemental de haut niveau\u00a0\u00bb, co-pr\u00e9sid\u00e9e par Castex et son homologue Djerad, afin de faire le point notamment sur la coop\u00e9ration \u00e9conomique entre les deux pays.<\/p>\n<p>Pour lechercheur alg\u00e9rien Hasni Abidi, ni la version fran\u00e7aise sur le report (\u00ab\u00a0contexte sanitaire\u00a0\u00bb du Covid-19) ni celle avanc\u00e9e en coulisses par Alger sur la taille de la d\u00e9l\u00e9gation, ne sont cr\u00e9dibles.<\/p>\n<p>Le Quotidien d\u2019Oran note par ailleurs\u00a0que l\u2019ambassadeur alg\u00e9rien\u00a0n\u2019a toujours pas pr\u00e9sent\u00e9 ses lettres de cr\u00e9ances au pr\u00e9sident Macron \u00ab\u00a0alors qu\u2019il se trouve \u00e0\u00a0Paris\u00a0depuis huit mois\u00a0\u00bb.<\/p>\n<p>En outre, les m\u00e9dias alg\u00e9riens pointent aussi la venue, \u00e0 l\u2019occasion de la visite \u00e0 Alger que devait effectuer Castex, d\u2019\u00ab\u00a0une armada de journalistes qui pouvaient mettre \u00e0 profit sa visite pour focaliser sur les militants du Hirak\u00a0\u00bb, le mouvement populaire qui exige un changement de r\u00e9gime depuis deux ans.<\/p>\n<p>Les autorit\u00e9s alg\u00e9riennes cadenassent la couverture du pays par les m\u00e9dias \u00e9trangers par le biais de proc\u00e9dures\u00a0d\u2019accr\u00e9ditations bureaucratiques et opaques.<\/p>\n<p>Avec AFP<\/p>\n<p><strong>Lire aussi| <a href=\"https:\/\/www.challenge.ma\/transport-touristique-bientot-un-contrat-programme-pour-le-secteur-181151\/\">Transport touristique : bient\u00f4t un contrat-programme pour le secteur ?<\/a><\/strong><\/p>\n<p>Auteur: challenge<br \/>\n<a href=\"https:\/\/www.challenge.ma\/crise-franco-algerienne-la-decision-de-lrem-douvrir-un-bureau-a-dakhla-fait-capoter-la-visite-du-premier-ministre-francais-a-alger-181219\/\">Cliquez ici pour lire l&rsquo;article depuis sa source.<\/a><\/p>\n","protected":false},"excerpt":{"rendered":"<p>Le d\u00e9placement du Premier ministre fran\u00e7ais Jean Castex \u00e0 Alger, pr\u00e9vue aujourd\u2019hui dimanche 11 avril, \u00e0 l\u2019occasion d\u2019un comit\u00e9 intergouvernemental franco-alg\u00e9rien, a \u00e9t\u00e9 report\u00e9 sine die dans la soir\u00e9e du jeudi 8 avril \u00e0 la demande de la partie alg\u00e9rienne. Si le gouvernement alg\u00e9rien n\u2019a fourni aucune explication, des sources concordantes fran\u00e7aises et alg\u00e9riennes \u00e9voquent [&hellip;]<\/p>\n","protected":false},"author":1787,"featured_media":0,"comment_status":"closed","ping_status":"closed","sticky":false,"template":"","format":"standard","meta":{"fifu_image_url":"","fifu_image_alt":"","footnotes":""},"categories":[78,54],"tags":[],"class_list":["post-114710","post","type-post","status-publish","format-standard","hentry","category-economie","category-maroc"],"_links":{"self":[{"href":"https:\/\/linitiative.ca\/International\/wp-json\/wp\/v2\/posts\/114710","targetHints":{"allow":["GET"]}}],"collection":[{"href":"https:\/\/linitiative.ca\/International\/wp-json\/wp\/v2\/posts"}],"about":[{"href":"https:\/\/linitiative.ca\/International\/wp-json\/wp\/v2\/types\/post"}],"author":[{"embeddable":true,"href":"https:\/\/linitiative.ca\/International\/wp-json\/wp\/v2\/users\/1787"}],"replies":[{"embeddable":true,"href":"https:\/\/linitiative.ca\/International\/wp-json\/wp\/v2\/comments?post=114710"}],"version-history":[{"count":0,"href":"https:\/\/linitiative.ca\/International\/wp-json\/wp\/v2\/posts\/114710\/revisions"}],"wp:attachment":[{"href":"https:\/\/linitiative.ca\/International\/wp-json\/wp\/v2\/media?parent=114710"}],"wp:term":[{"taxonomy":"category","embeddable":true,"href":"https:\/\/linitiative.ca\/International\/wp-json\/wp\/v2\/categories?post=114710"},{"taxonomy":"post_tag","embeddable":true,"href":"https:\/\/linitiative.ca\/International\/wp-json\/wp\/v2\/tags?post=114710"}],"curies":[{"name":"wp","href":"https:\/\/api.w.org\/{rel}","templated":true}]}}