{"id":114712,"date":"2021-04-11T10:17:00","date_gmt":"2021-04-11T14:17:00","guid":{"rendered":"https:\/\/linitiative.ca\/International\/polemique-creuse\/"},"modified":"2021-04-11T10:17:00","modified_gmt":"2021-04-11T14:17:00","slug":"polemique-creuse","status":"publish","type":"post","link":"https:\/\/linitiative.ca\/International\/polemique-creuse\/","title":{"rendered":"Pol\u00e9mique creuse"},"content":{"rendered":"<p><strong>Depuis la d\u00e9cision prise par notre gouvernement de prolonger les mesures de confinement durant le mois de ramadan, les internautes n\u2019ont cess\u00e9 de poster vid\u00e9os ou r\u00e9actions \u00e9crites d\u00e9crivant leur indignation quant \u00e0 cette d\u00e9cision.<\/strong><\/p>\n<div class=\"c10\">\n<\/div>\n<p>Pourtant si on se prend deux secondes pour analyser ce qui se passe, on peut se poser la question : y avait-il une autre alternative ? Ces gens ont-ils \u00e9t\u00e9 vraiment surpris par la d\u00e9cision? Qui de nous \u00e0 la place du gouvernement se serait aventur\u00e9 et aurait os\u00e9 prendre une autre d\u00e9cision ? Avant de d\u00e9battre de cette d\u00e9cision, si d\u00e9bat il y a lieu, il convient de parler de la situation sanitaire mondiale. Depuis deux semaines, la situation \u00e0 travers le monde est catastrophique, le nombre de cas contamin\u00e9s par jour fr\u00f4le les records atteints au mois de novembre dernier, les h\u00f4pitaux sont d\u00e9pass\u00e9s et le nombre de d\u00e9c\u00e8s par jour est alarmant. Mais comme diraient certains, nos chiffres sont bas et notre campagne de vaccination avance bien.<\/p>\n<p><strong>Lire aussi | <a href=\"https:\/\/www.challenge.ma\/crise-franco-algerienne-la-decision-de-lrem-douvrir-un-bureau-a-dakhla-fait-capoter-la-visite-du-premier-ministre-francais-a-alger-181219\/\" target=\"_blank\" rel=\"noreferrer noopener\">Crise franco-alg\u00e9rienne : la d\u00e9cision de LREM d\u2019ouvrir un bureau \u00e0 Dakhla fait capoter la visite du Premier ministre fran\u00e7ais \u00e0 Alger<\/a><\/strong><\/p>\n<p>Mettons nous d\u2019accord sur un principe fondamental de gestion et de bonne gouvernance : g\u00e9rer n\u2019est autre qu\u2019anticiper. Doit-on attendre d\u2019avoir 5000 cas contamin\u00e9s par jour imposer un confinement ? Il faut savoir une chose, l\u2019infrastructure de notre pays et nos ressources humaines et mat\u00e9rielles n\u2019ont pas la capacit\u00e9 de r\u00e9sorber un flux important de malades. M\u00eame dans les pays disposant de grands moyens, la situation est hors de contr\u00f4le ? Mais nous, on a bien vaccin\u00e9 plusieurs millions, on n\u2019a rien \u00e0 craindre !!! Pour vous r\u00e9pondre, je vous invite \u00e0 consulter les chiffres des contaminations journali\u00e8res des pays comme les \u00c9tats-Unis, les \u00c9mirats arabes unis ou bien le Chili pour comprendre que ces pays qui nous d\u00e9passent de tr\u00e8s loin en termes de pourcentage de vaccination continuent d\u2019appliquer les gestes barri\u00e8res et continuent, malgr\u00e9 cela, \u00e0 enregistrer un nombre de nouveaux cas tr\u00e8s \u00e9lev\u00e9s.<br \/>Devant cette situation, imaginez qu\u2019on vous confie la d\u00e9cision \u00e0 prendre est ce que vous allez h\u00e9siter ? Certainement pas.<\/p>\n<p><strong>Lire aussi | <a href=\"https:\/\/www.challenge.ma\/classement-forbes-deux-marocains-parmi-les-milliardaires-africains-en-2021-181229\/\" target=\"_blank\" rel=\"noreferrer noopener\">Classement Forbes : deux Marocains parmi les milliardaires africains en 2021<\/a><\/strong><\/p>\n<p>En r\u00e9alit\u00e9, la pol\u00e9mique est suscit\u00e9e davantage avec l\u2019approche de ramadan o\u00f9 les gens ont plut\u00f4t l\u2019habitude de fr\u00e9quenter les caf\u00e9s et mosqu\u00e9es. Pour les caf\u00e9s, nous pouvons compatir avec ce secteur d\u2019activit\u00e9 qui connai\u00ee de grandes difficult\u00e9s \u00e0 l\u2019instar des secteurs touristique et \u00e9v\u00e9nementiel. Et si on ne prenait pas de caf\u00e9s apr\u00e8s le ftour, qu\u2019est ce qui va se passer? Et si on ne s\u2019attablait pas sur une terrasse, qu\u2019est ce qui nous arrivera? Certainement rien. Donc la pol\u00e9mique est forc\u00e9ment d\u2019ordre \u00e9conomique. Les exploitants de caf\u00e9s vivent une crise \u00e9conomique et veulent \u00eatre compens\u00e9s pour cette absence de chiffre d\u2019affaires. L\u00e0, je comprends mieux. Chers messieurs les exploitants de caf\u00e9s et restaurants et l\u00e0 je m\u2019adresse \u00e0 une grande majorit\u00e9 parmi vous, avez vous jamais pens\u00e9 \u00e0 votre devoir de citoyen? \u00cates vous conscients que vous avez des obligations envers votre pays \u00e9galement ?<\/p>\n<p>A la place du gouvernement, je serai le premier \u00e0 dire qu\u2019il faut compenser ce secteur d\u2019activit\u00e9 en situation morose mais \u00e0 quelle hauteur ? Sortons les bilans d\u00e9pos\u00e9s en 2019 et 2018 et fixons une r\u00e8gle pour compenser ce secteur. On ne peut fuir ses responsabilit\u00e9s de citoyen et venir un jour r\u00e9clamer ses droits. Je suis \u00e9tonn\u00e9 par le manque \u00e0 gagner cri\u00e9 et r\u00e9clam\u00e9 par plusieurs activit\u00e9s alors que si nous consultons leur bilan, il ne mentionne m\u00eame pas le dixi\u00e8me de ce chiffre avou\u00e9. Si vous avez vol\u00e9 ce pays pendant des ann\u00e9es et avez \u00e9vad\u00e9 vos imp\u00f4ts, ne venez pas r\u00e9clamer des droits. Dans ce cas, ils ne peuvent pas \u00eatre dus. Qu\u2019en est-il des petites gens qui travaillent dans ces caf\u00e9s ? Je dirai que c\u2019est pareil, \u00e9taient-ils d\u00e9clar\u00e9s \u00e0 la CNSS ou pas ? Pour la plupart, ils ne l\u2019ont pas \u00e9t\u00e9. Du coup, il faut aller se retourner contre l\u2019employeur qui leur a vol\u00e9 leurs droits. Je pense que dans notre pays, il faut replacer le curseur des responsabilit\u00e9s au bon endroit. On ne peut pas toujours incriminer les m\u00eames (politiques, hommes d\u2019affaires) de spolier le pays. La spoliation est op\u00e9r\u00e9e par tous ceux qui ne connaissent pas leurs obligations envers leur pays et leurs concitoyens.<\/p>\n<p><strong>Lire aussi | <a href=\"https:\/\/www.challenge.ma\/covid-19-el-otmani-devant-les-deux-chambres-du-parlement-ce-lundi-181214\/\" target=\"_blank\" rel=\"noreferrer noopener\">Covid-19 : El Otmani devant les deux chambres du Parlement ce lundi<\/a><\/strong><\/p>\n<p>Avant de boucler ce billet d\u2019humeur, je voudrais \u00e9voquer les tarawihs. Je comprends que le mois de ramadan se caract\u00e9rise par ses rituels religieux qui nous manquent tous mais ne m\u00e9langeons pas la religion et l\u2019habitude. Les tarawihs n\u2019ont jamais \u00e9t\u00e9 une obligation dans aucun des rites. Ceux qui veulent s\u2019approcher de Dieu n\u2019ont qu\u2019\u00e0 prier chez eux et pr\u00e9server la sant\u00e9 des concitoyens et surtout aider les familles qui sont dans le besoin en ces temps difficiles. Ce sont l\u00e0 les vrais valeurs de la religion et non pas le concours \u00ab\u00a0the voice\u00a0\u00bb de la plus belle voix pendant les tarawihs. Je ne vous retiens pas plus longtemps, je vous dis bonne journ\u00e9e et je vous lance un challenge quotidien : accomplissez un acte citoyen chaque jour (aidez quelqu\u2019un, payez vos imp\u00f4ts, respectez vos copropri\u00e9taires, pr\u00e9servez votre environnement\u2026). Ce sont ces actes qui nous feront avancer tous et non pas le fait de nous attabler sur une terrasse et de mater les passants.<\/p>\n<p>Bon ramadan.<\/p>\n<p>Par Ali. A<\/p>\n<p>Auteur: challenge<br \/>\n<a href=\"https:\/\/www.challenge.ma\/polemique-creuse-181241\/\">Cliquez ici pour lire l&rsquo;article depuis sa source.<\/a><\/p>\n","protected":false},"excerpt":{"rendered":"<p>Depuis la d\u00e9cision prise par notre gouvernement de prolonger les mesures de confinement durant le mois de ramadan, les internautes n\u2019ont cess\u00e9 de poster vid\u00e9os ou r\u00e9actions \u00e9crites d\u00e9crivant leur indignation quant \u00e0 cette d\u00e9cision. Pourtant si on se prend deux secondes pour analyser ce qui se passe, on peut se poser la question : [&hellip;]<\/p>\n","protected":false},"author":1787,"featured_media":0,"comment_status":"closed","ping_status":"closed","sticky":false,"template":"","format":"standard","meta":{"fifu_image_url":"","fifu_image_alt":"","footnotes":""},"categories":[78,54],"tags":[],"class_list":["post-114712","post","type-post","status-publish","format-standard","hentry","category-economie","category-maroc"],"_links":{"self":[{"href":"https:\/\/linitiative.ca\/International\/wp-json\/wp\/v2\/posts\/114712","targetHints":{"allow":["GET"]}}],"collection":[{"href":"https:\/\/linitiative.ca\/International\/wp-json\/wp\/v2\/posts"}],"about":[{"href":"https:\/\/linitiative.ca\/International\/wp-json\/wp\/v2\/types\/post"}],"author":[{"embeddable":true,"href":"https:\/\/linitiative.ca\/International\/wp-json\/wp\/v2\/users\/1787"}],"replies":[{"embeddable":true,"href":"https:\/\/linitiative.ca\/International\/wp-json\/wp\/v2\/comments?post=114712"}],"version-history":[{"count":0,"href":"https:\/\/linitiative.ca\/International\/wp-json\/wp\/v2\/posts\/114712\/revisions"}],"wp:attachment":[{"href":"https:\/\/linitiative.ca\/International\/wp-json\/wp\/v2\/media?parent=114712"}],"wp:term":[{"taxonomy":"category","embeddable":true,"href":"https:\/\/linitiative.ca\/International\/wp-json\/wp\/v2\/categories?post=114712"},{"taxonomy":"post_tag","embeddable":true,"href":"https:\/\/linitiative.ca\/International\/wp-json\/wp\/v2\/tags?post=114712"}],"curies":[{"name":"wp","href":"https:\/\/api.w.org\/{rel}","templated":true}]}}