{"id":114715,"date":"2021-04-11T16:03:45","date_gmt":"2021-04-11T20:03:45","guid":{"rendered":"https:\/\/linitiative.ca\/International\/par-amine-ben-gamra-une-nouvelle-approche-de-taxation-post-covid-19\/"},"modified":"2021-04-11T16:03:45","modified_gmt":"2021-04-11T20:03:45","slug":"par-amine-ben-gamra-une-nouvelle-approche-de-taxation-post-covid-19","status":"publish","type":"post","link":"https:\/\/linitiative.ca\/International\/par-amine-ben-gamra-une-nouvelle-approche-de-taxation-post-covid-19\/","title":{"rendered":"Par Amine Ben Gamra : Une nouvelle approche de taxation post COVID-19"},"content":{"rendered":"<div class=\"post-cont-in left relative\">\n<div id=\"post-info-wrap\" class=\"left relative post-info-out\">\n<div class=\"post-info-img left relative\"><img decoding=\"async\" alt=\"\" src=\"https:\/\/secure.gravatar.com\/avatar\/681b972f602e42207cdd1b6ee405702a?s=50&amp;d=mm&amp;r=g\" srcset=\"https:\/\/secure.gravatar.com\/avatar\/681b972f602e42207cdd1b6ee405702a?s=100&amp;d=mm&amp;r=g 2x\" class=\"avatar avatar-50 photo\" height=\"50\" width=\"50\" loading=\"lazy\"\/><\/div>\n<div class=\"post-info-in\">\n<div class=\"post-info-right left relative post-info-name left relative\"><span><span class=\"post-info-text\">Par<\/span> <span class=\"author-name vcard fn author\"><a href=\"https:\/\/www.tunisienumerique.com\/author\/tunisienumerique\/\" title=\"Articles par Tunisie Num\u00e9rique\" rel=\"author\">Tunisie Num\u00e9rique<\/a><\/span><\/span> <span class=\"post-date updated\"><time class=\"post-date updated\" datetime=\"2021-04-11\">\u00a0| Il y a 41 minutes<\/time><\/span><br \/>\n<meta itemprop=\"dateModified\" content=\"2021-04-11\"\/><\/div>\n<div class=\"left relative\"><button id=\"listenButton1\" class=\"responsivevoice-button\" type=\"button\" value=\"Play\" title=\"\u00c9coutez l'article\"><span>\ud83d\udd0a \u00c9coutez l&rsquo;article<\/span><\/button>\n<\/div>\n<\/div>\n<\/div>\n<p>Les gouvernements de l\u2019apr\u00e8s-crise chercheront \u00e0 lever des fonds au moment o\u00f9 de nombreuses entreprises auront fait faillite et d\u2019autres resteront fragiles et o\u00f9 de nombreuses personnes seront au ch\u00f4mage ou devront faire face \u00e0 une baisse de leurs revenus. L\u2019un des risques est que la collecte de recettes se r\u00e9v\u00e8lera trop difficile sur le plan politique, ce qui entra\u00eenera une spirale de d\u00e9ficits, une r\u00e9duction des services et une incapacit\u00e9 \u00e0 r\u00e9pondre de mani\u00e8re ad\u00e9quate aux besoins imm\u00e9diats.<\/p>\n<div class=\"code-block code-block-1 c4\">\n <ins class=\"adsbygoogle c3\" data-ad-layout=\"in-article\" data-ad-format=\"fluid\" data-ad-client=\"ca-pub-2102118777505746\" data-ad-slot=\"7301775417\"\/>\n<\/div>\n<p>L\u2019autre risque est que des exigences fiscales plus strictes pourraient d\u00e9clencher un violent conflit politique entre les groupes d\u2019int\u00e9r\u00eats qui se sentent menac\u00e9s et qui jouissent d\u2019une consid\u00e9ration particuli\u00e8re. Les entreprises \u00e0 faibles b\u00e9n\u00e9fices et \u00e0 fortes dettes lutteront contre toute augmentation de l\u2019imp\u00f4t sur les b\u00e9n\u00e9fices. Les augmentations de la TVA ou de l\u2019imp\u00f4t sur le revenu des personnes physiques sont susceptibles de susciter une opposition farouche.<\/p>\n<p>Les gouvernements devront donc collecter davantage de taxes. Mais que devraient-ils taxer\u2009? Comment devraient-ils expliquer leurs choix afin d\u2019obtenir le soutien de leurs citoyens\u2009? Ces d\u00e9cisions tiendront bien s\u00fbr compte des circonstances nationales, mais les d\u00e9fis sont identiques d\u2019un pays \u00e0 l\u2019autre. L\u2019adoption d\u2019une approche commune pourrait am\u00e9liorer consid\u00e9rablement les chances de tirer partie de la crise.<\/p>\n<p>Les trois principes qui sous-tendent notre proposition de programme fiscal sont les suivants\u00a0:<\/p>\n<ol>\n<li>Les 50% (voire 80%) des m\u00e9nages les plus pauvres ne devraient pas avoir \u00e0 payer plus.<\/li>\n<li>Une grande partie de la charge fiscale suppl\u00e9mentaire devrait peser sur la fortune \u2014 ou sur les entit\u00e9s ayant \u00e9chapp\u00e9 \u00e0 la difficult\u00e9 \u00e9conomique pendant la crise.<\/li>\n<li>Les plans sur la fiscalit\u00e9 doivent \u00eatre porteurs d\u2019une vision d\u2019avenir, con\u00e7us non seulement pour augmenter les recettes, mais aussi pour r\u00e9soudre d\u2019autres probl\u00e8mes majeurs de soci\u00e9t\u00e9.<\/li>\n<\/ol>\n<p>Premi\u00e8rement, il faudra taxer la fortune : l\u00e0 o\u00f9 les revenus des particuliers et des entreprises fortun\u00e9s sont rest\u00e9s inchang\u00e9s \u2014 ou ont subi une augmentation \u2014 en raison de la crise, il faudra ajouter des surtaxes temporaires \u00e0 leurs imp\u00f4ts. Le FMI et l\u2019OCDE ont approuv\u00e9 ces id\u00e9es que le FMI qualifie de \u00ab\u2009surtaxes de solidarit\u00e9\u2009\u00bb. Elles refl\u00e8tent une logique politique simple : face \u00e0 une crise mondiale, nous devrions tous partager les frais.<\/p>\n<p>Deuxi\u00e8mement, la crise a acc\u00e9l\u00e9r\u00e9 le passage des interactions en face \u00e0 face aux interactions virtuelles. Ceci augmentera encore les b\u00e9n\u00e9fices de la plupart des grandes plateformes technologiques (principalement am\u00e9ricaines et chinoises) qui tirent profit de solides effets de r\u00e9seau. Avant la crise, ces plateformes \u00e9taient connues pour leur capacit\u00e9 \u00e0 \u00e9viter les taxes. Aujourd\u2019hui, il s\u2019av\u00e8re plus important de trouver de meilleurs moyens de les taxer \u2014 et de taxer les transactions num\u00e9riques en g\u00e9n\u00e9ral.<\/p>\n<p>Troisi\u00e8mement, il faudra renforcer les taxes pour lutter contre le changement climatique. Il est grand temps d\u2019imposer de s\u00e9rieuses redevances sur les \u00e9missions de carbone et autres polluants nuisibles. Et ces imp\u00f4ts peuvent \u00eatre directement cr\u00e9\u00e9s pour g\u00e9n\u00e9rer de nouvelles recettes aux gouvernements tout en minimisant les co\u00fbts pour les m\u00e9nages ou les entreprises plus vuln\u00e9rables, gr\u00e2ce \u00e0 des rabais ou d\u2019autres aides. La Covid-19 nous a permis d\u2019entrevoir un ciel moins pollu\u00e9, et il serait impardonnable de manquer cette opportunit\u00e9.<\/p>\n<p><em>Amine BEN GAMRA \u2013<\/em> <em>Expert Comptable \u2013<\/em> <em>Commissaire Aux Comptes \u2013<\/em> <em>Membre de l\u2019Ordre des Experts Comptable de Tunisie.<\/em><\/p>\n<div class=\"swp_social_panel swp_horizontal_panel swp_flat_fresh swp_default_full_color swp_individual_full_color swp_other_full_color scale-100 scale-\" data-min-width=\"1100\" data-float-color=\"#ffffff\" data-float=\"bottom\" data-float-mobile=\"bottom\" data-transition=\"slide\">\n<div class=\"nc_tweetContainer swp_share_button total_shares total_sharesalt\"><span class=\"swp_count\">6 <span class=\"swp_label\">Partages<\/span><\/span><\/div>\n<\/div>\n<p><strong>Que se passe-t-il en Tunisie?<\/strong><br \/>Nous expliquons sur notre <a href=\"https:\/\/www.youtube.com\/channel\/UCRzypVq0B_yBad5eGrwBx0Q?sub_confirmation=1\" target=\"_blank\" rel=\"noopener\">cha\u00eene YouTube<\/a> . <a href=\"https:\/\/www.youtube.com\/channel\/UCRzypVq0B_yBad5eGrwBx0Q?sub_confirmation=1\" target=\"_blank\" rel=\"noopener\">Abonnez-vous!<\/a><\/p>\n<div class=\"mvp-org-wrap\" itemprop=\"publisher\">\n<div class=\"mvp-org-logo\" itemprop=\"logo\"><img decoding=\"async\" src=\"https:\/\/www.tunisienumerique.com\/wp-content\/uploads\/2017\/02\/logo_tunisie_numerique.png\"\/><br \/>\n<meta itemprop=\"url\" content=\"https:\/\/www.tunisienumerique.com\/wp-content\/uploads\/2017\/02\/logo_tunisie_numerique.png\"\/><\/div>\n<p><meta content=\"Tunisie\"\/><\/div>\n<div class=\"mvp-related-posts left relative\">\n<h4 class=\"post-header\"><span class=\"post-header\">Lire aussi<\/span><\/h4>\n<\/div>\n<div id=\"article-ad\">\n <ins class=\"adsbygoogle c5\" data-ad-client=\"ca-pub-2102118777505746\" data-ad-slot=\"6513972734\" data-ad-format=\"auto\" data-full-width-responsive=\"true\"\/>\n<\/div>\n<\/div>\n<div id=\"post-sidebar-wrap\">\n <ins class=\"adsbygoogle c5\" data-ad-client=\"ca-pub-2102118777505746\" data-ad-slot=\"6168283410\" data-ad-format=\"auto\" data-full-width-responsive=\"true\"\/>\n<\/div>\n<p>Auteur: Tunisie Num\u00e9rique<br \/>\n<a href=\"https:\/\/www.tunisienumerique.com\/par-amine-ben-gamra-une-nouvelle-approche-de-taxation-post-covid-19\/\">Cliquez ici pour lire l&rsquo;article depuis sa source.<\/a><\/p>\n","protected":false},"excerpt":{"rendered":"<p>Par Tunisie Num\u00e9rique \u00a0| Il y a 41 minutes \ud83d\udd0a \u00c9coutez l&rsquo;article Les gouvernements de l\u2019apr\u00e8s-crise chercheront \u00e0 lever des fonds au moment o\u00f9 de nombreuses entreprises auront fait faillite et d\u2019autres resteront fragiles et o\u00f9 de nombreuses personnes seront au ch\u00f4mage ou devront faire face \u00e0 une baisse de leurs revenus. L\u2019un des risques [&hellip;]<\/p>\n","protected":false},"author":1789,"featured_media":0,"comment_status":"closed","ping_status":"closed","sticky":false,"template":"","format":"standard","meta":{"fifu_image_url":"https:\/\/secure.gravatar.com\/avatar\/681b972f602e42207cdd1b6ee405702a?s=50&d=mm&r=g","fifu_image_alt":"Par Amine Ben Gamra : Une nouvelle approche de taxation post COVID-19","footnotes":""},"categories":[73,55],"tags":[],"class_list":["post-114715","post","type-post","status-publish","format-standard","hentry","category-actualite","category-tunisie"],"_links":{"self":[{"href":"https:\/\/linitiative.ca\/International\/wp-json\/wp\/v2\/posts\/114715","targetHints":{"allow":["GET"]}}],"collection":[{"href":"https:\/\/linitiative.ca\/International\/wp-json\/wp\/v2\/posts"}],"about":[{"href":"https:\/\/linitiative.ca\/International\/wp-json\/wp\/v2\/types\/post"}],"author":[{"embeddable":true,"href":"https:\/\/linitiative.ca\/International\/wp-json\/wp\/v2\/users\/1789"}],"replies":[{"embeddable":true,"href":"https:\/\/linitiative.ca\/International\/wp-json\/wp\/v2\/comments?post=114715"}],"version-history":[{"count":0,"href":"https:\/\/linitiative.ca\/International\/wp-json\/wp\/v2\/posts\/114715\/revisions"}],"wp:attachment":[{"href":"https:\/\/linitiative.ca\/International\/wp-json\/wp\/v2\/media?parent=114715"}],"wp:term":[{"taxonomy":"category","embeddable":true,"href":"https:\/\/linitiative.ca\/International\/wp-json\/wp\/v2\/categories?post=114715"},{"taxonomy":"post_tag","embeddable":true,"href":"https:\/\/linitiative.ca\/International\/wp-json\/wp\/v2\/tags?post=114715"}],"curies":[{"name":"wp","href":"https:\/\/api.w.org\/{rel}","templated":true}]}}