{"id":114716,"date":"2021-04-11T16:21:13","date_gmt":"2021-04-11T20:21:13","guid":{"rendered":"https:\/\/linitiative.ca\/International\/ramadan-2021-les-citoyens-se-plaignent-de-la-hausse-de-prix-des-produits-alimentaires\/"},"modified":"2021-04-11T16:21:13","modified_gmt":"2021-04-11T20:21:13","slug":"ramadan-2021-les-citoyens-se-plaignent-de-la-hausse-de-prix-des-produits-alimentaires","status":"publish","type":"post","link":"https:\/\/linitiative.ca\/International\/ramadan-2021-les-citoyens-se-plaignent-de-la-hausse-de-prix-des-produits-alimentaires\/","title":{"rendered":"Ramadan 2021 : Les citoyens se plaignent de la hausse de prix des produits alimentaires"},"content":{"rendered":"<div class=\"post-cont-in left relative\">\n<div id=\"post-info-wrap\" class=\"left relative post-info-out\">\n<div class=\"post-info-img left relative\"><img decoding=\"async\" alt=\"\" src=\"https:\/\/secure.gravatar.com\/avatar\/ea481d7287ad38ca1787f44b5bb1b70e?s=50&amp;d=mm&amp;r=g\" srcset=\"https:\/\/secure.gravatar.com\/avatar\/ea481d7287ad38ca1787f44b5bb1b70e?s=100&amp;d=mm&amp;r=g 2x\" class=\"avatar avatar-50 photo\" height=\"50\" width=\"50\" loading=\"lazy\"\/><\/div>\n<div class=\"post-info-in\">\n<div class=\"post-info-right left relative post-info-name left relative\"><span><span class=\"post-info-text\">Par<\/span> <span class=\"author-name vcard fn author\"><a href=\"https:\/\/www.tunisienumerique.com\/author\/rania-ben-slimane\/\" title=\"Articles par rania ben slimane\" rel=\"author\">rania ben slimane<\/a><\/span><\/span> <span class=\"post-date updated\"><time class=\"post-date updated\" datetime=\"2021-04-11\">\u00a0| Il y a 30 minutes<\/time><\/span><br \/>\n<meta itemprop=\"dateModified\" content=\"2021-04-11\"\/><\/div>\n<div class=\"left relative\"><button id=\"listenButton1\" class=\"responsivevoice-button\" type=\"button\" value=\"Play\" title=\"\u00c9coutez l'article\"><span>\ud83d\udd0a \u00c9coutez l&rsquo;article<\/span><\/button>\n<\/div>\n<\/div>\n<\/div>\n<p>Un nombre important de citoyens ont afflu\u00e9 ce matin 11 avril 2021, vers le march\u00e9 Central \u00e0 Tunis avant le d\u00e9but du mois sacr\u00e9.<\/p>\n<div class=\"code-block code-block-1 c4\">\n <ins class=\"adsbygoogle c3\" data-ad-layout=\"in-article\" data-ad-format=\"fluid\" data-ad-client=\"ca-pub-2102118777505746\" data-ad-slot=\"7301775417\"\/>\n<\/div>\n<p>Ces derniers ont exprim\u00e9 leur m\u00e9contentement face \u00e0 la hausse des prix des l\u00e9gumes, c\u00e9r\u00e9ales, viandes et poissons.<\/p>\n<p>Certains ont d\u00e9clar\u00e9 au correspondant de l\u2019agence de presse \u00ab Watt \u00bb qu\u2019ils attribuent ces augmentations aux marchands profiteurs d\u2019une part, \u00e0 l\u2019empressement du consommateur, \u00e0 l\u2019absence non seulement de contr\u00f4le \u00e9conomique, mais aussi d\u2019une intervention efficace pour ajuster les prix.<\/p>\n<p>De leurs c\u00f4t\u00e9, un nombre important de vendeurs install\u00e9s au march\u00e9 central ont exprim\u00e9 leur insatisfaction quant \u00e0 la baisse du pouvoir d\u2019achat du citoyen tunisien, qui s\u2019explique selon eux par son incapacit\u00e9 \u00e0 diversifier ses achats ainsi qu\u2019\u00e0 l\u2019absence de clients r\u00e9guliers du march\u00e9, surtout le dimanche et pendant les intersaison.<\/p>\n<p>Ils ont soulign\u00e9 que l\u2019augmentation des prix des produits au march\u00e9 central \u00e0 Tunis par rapport aux saisons pr\u00e9c\u00e9dente, est principalement due au prix de vente initial \u00e9lev\u00e9au march\u00e9\u00a0 de gros \u00e0 Bir Al-Kasaa et \u00e0 l\u2019intersection des saisons, engendrant la hausse des prix de certains produits.<\/p>\n<p>De ce fait, il est impossible au simple citoyen de faire face \u00e0 la situation \u00e9conomique difficile que traverse actuellement le pays pour acheter et diversifier ses produits de consommation.<\/p>\n<div class=\"swp_social_panel swp_horizontal_panel swp_flat_fresh swp_default_full_color swp_individual_full_color swp_other_full_color scale-100 scale-\" data-min-width=\"1100\" data-float-color=\"#ffffff\" data-float=\"bottom\" data-float-mobile=\"bottom\" data-transition=\"slide\">\n<div class=\"nc_tweetContainer swp_share_button total_shares total_sharesalt\"><span class=\"swp_count\">7 <span class=\"swp_label\">Partages<\/span><\/span><\/div>\n<\/div>\n<p><strong>Que se passe-t-il en Tunisie?<\/strong><br \/>Nous expliquons sur notre <a href=\"https:\/\/www.youtube.com\/channel\/UCRzypVq0B_yBad5eGrwBx0Q?sub_confirmation=1\" target=\"_blank\" rel=\"noopener\">cha\u00eene YouTube<\/a> . <a href=\"https:\/\/www.youtube.com\/channel\/UCRzypVq0B_yBad5eGrwBx0Q?sub_confirmation=1\" target=\"_blank\" rel=\"noopener\">Abonnez-vous!<\/a><\/p>\n<div class=\"mvp-org-wrap\" itemprop=\"publisher\">\n<div class=\"mvp-org-logo\" itemprop=\"logo\"><img decoding=\"async\" src=\"https:\/\/www.tunisienumerique.com\/wp-content\/uploads\/2017\/02\/logo_tunisie_numerique.png\"\/><br \/>\n<meta itemprop=\"url\" content=\"https:\/\/www.tunisienumerique.com\/wp-content\/uploads\/2017\/02\/logo_tunisie_numerique.png\"\/><\/div>\n<p><meta content=\"Tunisie\"\/><\/div>\n<div class=\"mvp-related-posts left relative\">\n<h4 class=\"post-header\"><span class=\"post-header\">Lire aussi<\/span><\/h4>\n<\/div>\n<div id=\"article-ad\">\n <ins class=\"adsbygoogle c5\" data-ad-client=\"ca-pub-2102118777505746\" data-ad-slot=\"6513972734\" data-ad-format=\"auto\" data-full-width-responsive=\"true\"\/>\n<\/div>\n<\/div>\n<div id=\"post-sidebar-wrap\">\n <ins class=\"adsbygoogle c5\" data-ad-client=\"ca-pub-2102118777505746\" data-ad-slot=\"6168283410\" data-ad-format=\"auto\" data-full-width-responsive=\"true\"\/>\n<\/div>\n<p>Auteur: rania ben slimane<br \/>\n<a href=\"https:\/\/www.tunisienumerique.com\/ramadan-2021-les-citoyens-se-plaignent-de-la-hausse-de-prix-des-produits-alimentaires\/\">Cliquez ici pour lire l&rsquo;article depuis sa source.<\/a><\/p>\n","protected":false},"excerpt":{"rendered":"<p>Par rania ben slimane \u00a0| Il y a 30 minutes \ud83d\udd0a \u00c9coutez l&rsquo;article Un nombre important de citoyens ont afflu\u00e9 ce matin 11 avril 2021, vers le march\u00e9 Central \u00e0 Tunis avant le d\u00e9but du mois sacr\u00e9. Ces derniers ont exprim\u00e9 leur m\u00e9contentement face \u00e0 la hausse des prix des l\u00e9gumes, c\u00e9r\u00e9ales, viandes et poissons. [&hellip;]<\/p>\n","protected":false},"author":1789,"featured_media":0,"comment_status":"closed","ping_status":"closed","sticky":false,"template":"","format":"standard","meta":{"fifu_image_url":"https:\/\/secure.gravatar.com\/avatar\/ea481d7287ad38ca1787f44b5bb1b70e?s=50&d=mm&r=g","fifu_image_alt":"Ramadan 2021 : Les citoyens se plaignent de la hausse de prix des produits alimentaires","footnotes":""},"categories":[73,55],"tags":[],"class_list":["post-114716","post","type-post","status-publish","format-standard","hentry","category-actualite","category-tunisie"],"_links":{"self":[{"href":"https:\/\/linitiative.ca\/International\/wp-json\/wp\/v2\/posts\/114716","targetHints":{"allow":["GET"]}}],"collection":[{"href":"https:\/\/linitiative.ca\/International\/wp-json\/wp\/v2\/posts"}],"about":[{"href":"https:\/\/linitiative.ca\/International\/wp-json\/wp\/v2\/types\/post"}],"author":[{"embeddable":true,"href":"https:\/\/linitiative.ca\/International\/wp-json\/wp\/v2\/users\/1789"}],"replies":[{"embeddable":true,"href":"https:\/\/linitiative.ca\/International\/wp-json\/wp\/v2\/comments?post=114716"}],"version-history":[{"count":0,"href":"https:\/\/linitiative.ca\/International\/wp-json\/wp\/v2\/posts\/114716\/revisions"}],"wp:attachment":[{"href":"https:\/\/linitiative.ca\/International\/wp-json\/wp\/v2\/media?parent=114716"}],"wp:term":[{"taxonomy":"category","embeddable":true,"href":"https:\/\/linitiative.ca\/International\/wp-json\/wp\/v2\/categories?post=114716"},{"taxonomy":"post_tag","embeddable":true,"href":"https:\/\/linitiative.ca\/International\/wp-json\/wp\/v2\/tags?post=114716"}],"curies":[{"name":"wp","href":"https:\/\/api.w.org\/{rel}","templated":true}]}}