{"id":114717,"date":"2021-04-11T16:43:08","date_gmt":"2021-04-11T20:43:08","guid":{"rendered":"https:\/\/linitiative.ca\/International\/tunisie-coronavirus-la-situation-epidemiologique-a-tozeur-nest-pas-rassurante\/"},"modified":"2021-04-11T16:43:08","modified_gmt":"2021-04-11T20:43:08","slug":"tunisie-coronavirus-la-situation-epidemiologique-a-tozeur-nest-pas-rassurante","status":"publish","type":"post","link":"https:\/\/linitiative.ca\/International\/tunisie-coronavirus-la-situation-epidemiologique-a-tozeur-nest-pas-rassurante\/","title":{"rendered":"Tunisie-Coronavirus: La situation \u00e9pid\u00e9miologique \u00e0 Tozeur n\u2019est pas rassurante"},"content":{"rendered":"<div class=\"post-cont-in left relative\">\n<div id=\"post-info-wrap\" class=\"left relative post-info-out\">\n<div class=\"post-info-img left relative\"><img decoding=\"async\" alt=\"\" src=\"https:\/\/secure.gravatar.com\/avatar\/ea481d7287ad38ca1787f44b5bb1b70e?s=50&amp;d=mm&amp;r=g\" srcset=\"https:\/\/secure.gravatar.com\/avatar\/ea481d7287ad38ca1787f44b5bb1b70e?s=100&amp;d=mm&amp;r=g 2x\" class=\"avatar avatar-50 photo\" height=\"50\" width=\"50\" loading=\"lazy\"\/><\/div>\n<div class=\"post-info-in\">\n<div class=\"post-info-right left relative post-info-name left relative\"><span><span class=\"post-info-text\">Par<\/span> <span class=\"author-name vcard fn author\"><a href=\"https:\/\/www.tunisienumerique.com\/author\/rania-ben-slimane\/\" title=\"Articles par rania ben slimane\" rel=\"author\">rania ben slimane<\/a><\/span><\/span> <span class=\"post-date updated\"><time class=\"post-date updated\" datetime=\"2021-04-11\">\u00a0| Il y a 2 minutes<\/time><\/span><br \/>\n<meta itemprop=\"dateModified\" content=\"2021-04-11\"\/><\/div>\n<div class=\"left relative\"><button id=\"listenButton1\" class=\"responsivevoice-button\" type=\"button\" value=\"Play\" title=\"\u00c9coutez l'article\"><span>\ud83d\udd0a \u00c9coutez l&rsquo;article<\/span><\/button>\n<\/div>\n<\/div>\n<\/div>\n<p>Le Chef du d\u00e9partement de la Communication et des Programmes de la Direction R\u00e9gionale de la Sant\u00e9 de Tozeur, Foued Barrani, a qualifi\u00e9, le 11 avril 2021, la situation \u00e9pid\u00e9miologique dans la r\u00e9gion de \u00ab\u00a0pr\u00e9occupante\u00a0\u00bb apr\u00e8s avoir enregistr\u00e9 59 nouvelles contaminations li\u00e9es au Coronavirus sur 156 r\u00e9sultats d\u2019analyses de laboratoire et tests rapides, portant le nombre total d\u2019infection dans la p\u00e9riode actuelle \u00e0 318 cas.<\/p>\n<div class=\"code-block code-block-1 c4\">\n <ins class=\"adsbygoogle c3\" data-ad-layout=\"in-article\" data-ad-format=\"fluid\" data-ad-client=\"ca-pub-2102118777505746\" data-ad-slot=\"7301775417\"\/>\n<\/div>\n<p>Barrani a \u00e9galement confirm\u00e9, dans un communiqu\u00e9 \u00e0 l\u2019agence de presse Tunis Afrique, que le nombre total d\u2019infections depuis le d\u00e9but de l\u2019\u00e9pid\u00e9mie de la Covid-19 est pass\u00e9 \u00e0 7507, dont 7075 cas de gu\u00e9rison et 110 d\u00e9c\u00e8s, soulignant qu\u2019il est du devoir des individus porteurs du virus d\u2019\u00eatre responsable et ce en \u00e9vitant le contact avec le cercle familial pour r\u00e9duire la propagation virale.<\/p>\n<p>Dans le m\u00eame contexte, il a mentionn\u00e9 que l\u2019absence de mesures de pr\u00e9vention contre la Covid-19, notamment le port du masque, la distanciation sociale et l\u2019organisation des rassemblements ont \u00e9t\u00e9 observ\u00e9es.<\/p>\n<p>Il convient de noter que 26 infect\u00e9s sont actuellement pris en charge dans les h\u00f4pitaux, dont 3 hospitalis\u00e9 dans le service de r\u00e9animation m\u00e9dicale, 11 dans le service Covid-19 de l\u2019H\u00f4pital R\u00e9gional de Tozeur, 9 dans le m\u00eame service de l\u2019h\u00f4pital Local de D\u00e9gache et 3 \u00e0 l\u2019H\u00f4pital R\u00e9gional de Nefta.<\/p>\n<p>Dans un contexte connexe, Barrani a indiqu\u00e9 que le nombre total de personnes ayant \u00e9t\u00e9 vaccin\u00e9es contre la Covid-19 a atteint aujourd\u2019hui, dimanche, 1 478 personnes, dont 83, ont re\u00e7u la deuxi\u00e8me dose de la vaccination.<\/p>\n<div class=\"swp_social_panel swp_horizontal_panel swp_flat_fresh swp_default_full_color swp_individual_full_color swp_other_full_color scale-100 scale-\" data-min-width=\"1100\" data-float-color=\"#ffffff\" data-float=\"bottom\" data-float-mobile=\"bottom\" data-transition=\"slide\">\n<div class=\"nc_tweetContainer swp_share_button total_shares total_sharesalt\"><span class=\"swp_count\">0 <span class=\"swp_label\">Partages<\/span><\/span><\/div>\n<\/div>\n<p><strong>Que se passe-t-il en Tunisie?<\/strong><br \/>Nous expliquons sur notre <a href=\"https:\/\/www.youtube.com\/channel\/UCRzypVq0B_yBad5eGrwBx0Q?sub_confirmation=1\" target=\"_blank\" rel=\"noopener\">cha\u00eene YouTube<\/a> . <a href=\"https:\/\/www.youtube.com\/channel\/UCRzypVq0B_yBad5eGrwBx0Q?sub_confirmation=1\" target=\"_blank\" rel=\"noopener\">Abonnez-vous!<\/a><\/p>\n<div class=\"mvp-org-wrap\" itemprop=\"publisher\">\n<div class=\"mvp-org-logo\" itemprop=\"logo\"><img decoding=\"async\" src=\"https:\/\/www.tunisienumerique.com\/wp-content\/uploads\/2017\/02\/logo_tunisie_numerique.png\"\/><br \/>\n<meta itemprop=\"url\" content=\"https:\/\/www.tunisienumerique.com\/wp-content\/uploads\/2017\/02\/logo_tunisie_numerique.png\"\/><\/div>\n<p><meta content=\"Tunisie\"\/><\/div>\n<div class=\"mvp-related-posts left relative\">\n<h4 class=\"post-header\"><span class=\"post-header\">Lire aussi<\/span><\/h4>\n<\/div>\n<div id=\"article-ad\">\n <ins class=\"adsbygoogle c5\" data-ad-client=\"ca-pub-2102118777505746\" data-ad-slot=\"6513972734\" data-ad-format=\"auto\" data-full-width-responsive=\"true\"\/>\n<\/div>\n<\/div>\n<div id=\"post-sidebar-wrap\">\n <ins class=\"adsbygoogle c5\" data-ad-client=\"ca-pub-2102118777505746\" data-ad-slot=\"6168283410\" data-ad-format=\"auto\" data-full-width-responsive=\"true\"\/>\n<\/div>\n<p>Auteur: rania ben slimane<br \/>\n<a href=\"https:\/\/www.tunisienumerique.com\/tunisie-coronavirus-la-situation-epidemiologique-a-tozeur-nest-pas-rassurante\/\">Cliquez ici pour lire l&rsquo;article depuis sa source.<\/a><\/p>\n","protected":false},"excerpt":{"rendered":"<p>Par rania ben slimane \u00a0| Il y a 2 minutes \ud83d\udd0a \u00c9coutez l&rsquo;article Le Chef du d\u00e9partement de la Communication et des Programmes de la Direction R\u00e9gionale de la Sant\u00e9 de Tozeur, Foued Barrani, a qualifi\u00e9, le 11 avril 2021, la situation \u00e9pid\u00e9miologique dans la r\u00e9gion de \u00ab\u00a0pr\u00e9occupante\u00a0\u00bb apr\u00e8s avoir enregistr\u00e9 59 nouvelles contaminations li\u00e9es [&hellip;]<\/p>\n","protected":false},"author":1789,"featured_media":0,"comment_status":"closed","ping_status":"closed","sticky":false,"template":"","format":"standard","meta":{"fifu_image_url":"https:\/\/secure.gravatar.com\/avatar\/ea481d7287ad38ca1787f44b5bb1b70e?s=50&d=mm&r=g","fifu_image_alt":"Tunisie-Coronavirus: La situation \u00e9pid\u00e9miologique \u00e0 Tozeur n\u2019est pas rassurante","footnotes":""},"categories":[73,55],"tags":[],"class_list":["post-114717","post","type-post","status-publish","format-standard","hentry","category-actualite","category-tunisie"],"_links":{"self":[{"href":"https:\/\/linitiative.ca\/International\/wp-json\/wp\/v2\/posts\/114717","targetHints":{"allow":["GET"]}}],"collection":[{"href":"https:\/\/linitiative.ca\/International\/wp-json\/wp\/v2\/posts"}],"about":[{"href":"https:\/\/linitiative.ca\/International\/wp-json\/wp\/v2\/types\/post"}],"author":[{"embeddable":true,"href":"https:\/\/linitiative.ca\/International\/wp-json\/wp\/v2\/users\/1789"}],"replies":[{"embeddable":true,"href":"https:\/\/linitiative.ca\/International\/wp-json\/wp\/v2\/comments?post=114717"}],"version-history":[{"count":0,"href":"https:\/\/linitiative.ca\/International\/wp-json\/wp\/v2\/posts\/114717\/revisions"}],"wp:attachment":[{"href":"https:\/\/linitiative.ca\/International\/wp-json\/wp\/v2\/media?parent=114717"}],"wp:term":[{"taxonomy":"category","embeddable":true,"href":"https:\/\/linitiative.ca\/International\/wp-json\/wp\/v2\/categories?post=114717"},{"taxonomy":"post_tag","embeddable":true,"href":"https:\/\/linitiative.ca\/International\/wp-json\/wp\/v2\/tags?post=114717"}],"curies":[{"name":"wp","href":"https:\/\/api.w.org\/{rel}","templated":true}]}}