{"id":114718,"date":"2021-04-11T16:51:02","date_gmt":"2021-04-11T20:51:02","guid":{"rendered":"https:\/\/linitiative.ca\/International\/tunisie-troisieme-vague-on-ne-nous-dit-pas-la-verite\/"},"modified":"2021-04-11T16:51:02","modified_gmt":"2021-04-11T20:51:02","slug":"tunisie-troisieme-vague-on-ne-nous-dit-pas-la-verite","status":"publish","type":"post","link":"https:\/\/linitiative.ca\/International\/tunisie-troisieme-vague-on-ne-nous-dit-pas-la-verite\/","title":{"rendered":"Tunisie \u2013 Troisi\u00e8me vague\u00a0: On ne nous dit pas la v\u00e9rit\u00e9\u00a0!"},"content":{"rendered":"<div class=\"post-cont-in left relative\">\n<div id=\"post-info-wrap\" class=\"left relative post-info-out\">\n<div class=\"post-info-img left relative\"><img decoding=\"async\" alt=\"\" src=\"https:\/\/secure.gravatar.com\/avatar\/96253f4a657b482a18e837c1252096c2?s=50&amp;d=mm&amp;r=g\" srcset=\"https:\/\/secure.gravatar.com\/avatar\/96253f4a657b482a18e837c1252096c2?s=100&amp;d=mm&amp;r=g 2x\" class=\"avatar avatar-50 photo\" height=\"50\" width=\"50\" loading=\"lazy\"\/><\/div>\n<div class=\"post-info-in\">\n<div class=\"post-info-right left relative post-info-name left relative\"><span><span class=\"post-info-text\">Par<\/span> <span class=\"author-name vcard fn author\"><a href=\"https:\/\/www.tunisienumerique.com\/author\/saber\/\" title=\"Articles par Saber .\" rel=\"author\">Saber .<\/a><\/span><\/span> <span class=\"post-date updated\"><time class=\"post-date updated\" datetime=\"2021-04-11\">\u00a0| Il y a 2 minutes<\/time><\/span><br \/>\n<meta itemprop=\"dateModified\" content=\"2021-04-11\"\/><\/div>\n<div class=\"left relative\"><button id=\"listenButton1\" class=\"responsivevoice-button\" type=\"button\" value=\"Play\" title=\"\u00c9coutez l'article\"><span>\ud83d\udd0a \u00c9coutez l&rsquo;article<\/span><\/button>\n<\/div>\n<\/div>\n<\/div>\n<p>La Tunisie est, apparemment, en train de subir, de plein fouet, la troisi\u00e8me vague de la pand\u00e9mie du covid. Elle est en train de la subir, apparemment sans pouvoir r\u00e9agir, ni m\u00eame, chercher \u00e0 comprendre.<\/p>\n<div class=\"code-block code-block-1 c4\">\n <ins class=\"adsbygoogle c3\" data-ad-layout=\"in-article\" data-ad-format=\"fluid\" data-ad-client=\"ca-pub-2102118777505746\" data-ad-slot=\"7301775417\"\/>\n<\/div>\n<p>Le pays ne peut que constater, impuissante, les d\u00e9g\u00e2ts de cette vague, qualifi\u00e9e par quelques uns de Tsunami.<\/p>\n<p>Or, si l\u2019Etat n\u2019a plus les moyens de r\u00e9agir, pour freiner cette vague, et qu\u2019il n\u2019a pas pris les devants pour essayer de la contrer quand \u00e7\u00e0 \u00e9tait encore possible, en entamant une vraie campagne de vaccination, \u00e0 temps, comme l\u2019ont fait d\u2019autres pays, qui, pourtant, \u00e0 l\u2019\u00e9poque de la premi\u00e8re vague, du temps o\u00f9 le minist\u00e8re de la sant\u00e9 \u00e9tait entre des mains expertes, enviaient la situation et la strat\u00e9gie tunisienne. Il est imp\u00e9ratif pour eux, maintenant, au lieu de baisser les bras et se laisser emporter par les flots d\u00e9vastateurs de la vague, d\u2019essayer, au moins, de comprendre. De comprendre ce qui se passe, et d\u2019essayer d\u2019en informer le citoyen. Car s\u2019ils veulent la collaboration de ce dernier et son adh\u00e9sion \u00e0 leur strat\u00e9gie bancale, ils devront commencer par bien communiquer avec lui, pour l\u2019informer.<\/p>\n<p>Le citoyen a besoin, par exemple de savoir si cette vague est un \u00e9ni\u00e8me passage du covid original, o\u00f9 s\u2019il s\u2019agit d\u2019une souche mutante. Car le minist\u00e8re de la sant\u00e9 se limite \u00e0 comptabiliser les cas, sans prendre la peine de sp\u00e9cifier les souches virales en cause.<\/p>\n<p>Et si l\u2019Etat veut laisser comprendre, sans pour autant le dire, qu\u2019il s\u2019agit des effets d\u00e9vastateurs de la souche britannique, probablement, pour ne pas lier ces d\u00e9g\u00e2ts avec le retard consid\u00e9rable accus\u00e9 dans le d\u00e9marrage de la vaccination, ce qui mettrait sur le dos des d\u00e9cideurs, la responsabilit\u00e9 des milliers de morts qu\u2019on va comptabiliser, il faudrait expliquer pourquoi, et contrairement aux autres pays, la souche qui circule parmi nous, en ce moment, est plus virulente et occasionne plus de formes graves, qu\u2019elle n\u2019est contagieuse. Puisqu\u2019on d\u00e9plore, sur les bulletins \u00e9pid\u00e9miologiques quotidiens, une augmentation vertigineuse des chiffres des hospitalisations, des malades alit\u00e9s en r\u00e9animation, et ceux mis sous respirateurs artificiels, ce qui t\u00e9moigne d\u2019un plus grand nombre de formes graves, alors que le nombre de nouveaux cas enregistr\u00e9s chaque jour, reste stable, et n\u2019affole pas les compteurs\u00a0!<\/p>\n<p>Alors, quelle souche est en train de s\u00e9vir chez nous\u00a0? S\u2019agit-il de la souche chinoise, ou celle britannique\u00a0? Et pourquoi elle donne plus de formes graves, sans pour autant \u00eatre plus contagieuse\u00a0? Et puis, quelle est l\u2019impact du retard de vaccination sur le d\u00e9roulement de cette vague\u00a0?<\/p>\n<p>Autant de questions qui taraudent les citoyens, et aux quelles les d\u00e9cideurs n\u2019ont, toujours, pas l\u2019intention de r\u00e9pondre. Alors que le fait d\u2019\u00e9clairer le citoyen, pourrait, certainement, l\u2019aider \u00e0 mieux adh\u00e9rer aux d\u00e9cisions et aux mesures \u00e0 prendre\u00a0!<\/p>\n<div class=\"swp_social_panel swp_horizontal_panel swp_flat_fresh swp_default_full_color swp_individual_full_color swp_other_full_color scale-100 scale-\" data-min-width=\"1100\" data-float-color=\"#ffffff\" data-float=\"bottom\" data-float-mobile=\"bottom\" data-transition=\"slide\">\n<div class=\"nc_tweetContainer swp_share_button total_shares total_sharesalt\"><span class=\"swp_count\">0 <span class=\"swp_label\">Partages<\/span><\/span><\/div>\n<\/div>\n<p><strong>Que se passe-t-il en Tunisie?<\/strong><br \/>Nous expliquons sur notre <a href=\"https:\/\/www.youtube.com\/channel\/UCRzypVq0B_yBad5eGrwBx0Q?sub_confirmation=1\" target=\"_blank\" rel=\"noopener\">cha\u00eene YouTube<\/a> . <a href=\"https:\/\/www.youtube.com\/channel\/UCRzypVq0B_yBad5eGrwBx0Q?sub_confirmation=1\" target=\"_blank\" rel=\"noopener\">Abonnez-vous!<\/a><\/p>\n<div class=\"mvp-org-wrap\" itemprop=\"publisher\">\n<div class=\"mvp-org-logo\" itemprop=\"logo\"><img decoding=\"async\" src=\"https:\/\/www.tunisienumerique.com\/wp-content\/uploads\/2017\/02\/logo_tunisie_numerique.png\"\/><br \/>\n<meta itemprop=\"url\" content=\"https:\/\/www.tunisienumerique.com\/wp-content\/uploads\/2017\/02\/logo_tunisie_numerique.png\"\/><\/div>\n<p><meta content=\"Tunisie\"\/><\/div>\n<div class=\"mvp-related-posts left relative\">\n<h4 class=\"post-header\"><span class=\"post-header\">Lire aussi<\/span><\/h4>\n<\/div>\n<div id=\"article-ad\">\n <ins class=\"adsbygoogle c5\" data-ad-client=\"ca-pub-2102118777505746\" data-ad-slot=\"6513972734\" data-ad-format=\"auto\" data-full-width-responsive=\"true\"\/>\n<\/div>\n<\/div>\n<div id=\"post-sidebar-wrap\">\n <ins class=\"adsbygoogle c5\" data-ad-client=\"ca-pub-2102118777505746\" data-ad-slot=\"6168283410\" data-ad-format=\"auto\" data-full-width-responsive=\"true\"\/>\n<\/div>\n<p>Auteur: Saber .<br \/>\n<a href=\"https:\/\/www.tunisienumerique.com\/tunisie-troisieme-vague-on-ne-nous-dit-pas-la-verite\/\">Cliquez ici pour lire l&rsquo;article depuis sa source.<\/a><\/p>\n","protected":false},"excerpt":{"rendered":"<p>Par Saber . \u00a0| Il y a 2 minutes \ud83d\udd0a \u00c9coutez l&rsquo;article La Tunisie est, apparemment, en train de subir, de plein fouet, la troisi\u00e8me vague de la pand\u00e9mie du covid. Elle est en train de la subir, apparemment sans pouvoir r\u00e9agir, ni m\u00eame, chercher \u00e0 comprendre. Le pays ne peut que constater, impuissante, les [&hellip;]<\/p>\n","protected":false},"author":1789,"featured_media":0,"comment_status":"closed","ping_status":"closed","sticky":false,"template":"","format":"standard","meta":{"fifu_image_url":"https:\/\/secure.gravatar.com\/avatar\/96253f4a657b482a18e837c1252096c2?s=50&d=mm&r=g","fifu_image_alt":"Tunisie \u2013 Troisi\u00e8me vague\u00a0: On ne nous dit pas la v\u00e9rit\u00e9\u00a0!","footnotes":""},"categories":[73,55],"tags":[],"class_list":["post-114718","post","type-post","status-publish","format-standard","hentry","category-actualite","category-tunisie"],"_links":{"self":[{"href":"https:\/\/linitiative.ca\/International\/wp-json\/wp\/v2\/posts\/114718","targetHints":{"allow":["GET"]}}],"collection":[{"href":"https:\/\/linitiative.ca\/International\/wp-json\/wp\/v2\/posts"}],"about":[{"href":"https:\/\/linitiative.ca\/International\/wp-json\/wp\/v2\/types\/post"}],"author":[{"embeddable":true,"href":"https:\/\/linitiative.ca\/International\/wp-json\/wp\/v2\/users\/1789"}],"replies":[{"embeddable":true,"href":"https:\/\/linitiative.ca\/International\/wp-json\/wp\/v2\/comments?post=114718"}],"version-history":[{"count":0,"href":"https:\/\/linitiative.ca\/International\/wp-json\/wp\/v2\/posts\/114718\/revisions"}],"wp:attachment":[{"href":"https:\/\/linitiative.ca\/International\/wp-json\/wp\/v2\/media?parent=114718"}],"wp:term":[{"taxonomy":"category","embeddable":true,"href":"https:\/\/linitiative.ca\/International\/wp-json\/wp\/v2\/categories?post=114718"},{"taxonomy":"post_tag","embeddable":true,"href":"https:\/\/linitiative.ca\/International\/wp-json\/wp\/v2\/tags?post=114718"}],"curies":[{"name":"wp","href":"https:\/\/api.w.org\/{rel}","templated":true}]}}