{"id":114719,"date":"2021-04-11T13:52:52","date_gmt":"2021-04-11T17:52:52","guid":{"rendered":"https:\/\/linitiative.ca\/International\/presidentielle-beninoise\/"},"modified":"2021-04-11T13:52:52","modified_gmt":"2021-04-11T17:52:52","slug":"presidentielle-beninoise","status":"publish","type":"post","link":"https:\/\/linitiative.ca\/International\/presidentielle-beninoise\/","title":{"rendered":"PRESIDENTIELLE BENINOISE"},"content":{"rendered":"<p class=\"c4\"><em>Les B\u00e9ninoises et les B\u00e9ninois ont \u00e9t\u00e9 appel\u00e9s aux urnes le dimanche 11 avril pour le premier tour de la pr\u00e9sidentielle. Lors de la pr\u00e9sidentielle de 2016, 33 candidats \u00e9taient en lice dont l\u2019actuel pr\u00e9sident, Patrice Talon. Cette fois-ci, ils ne sont que 3 \u00e0 se positionner sur la ligne de d\u00e9part. Ce nombre squelettique de candidats, rassurez-vous, n\u2019est pas d\u00fb \u00e0 un manque d\u2019int\u00e9r\u00eat des acteurs politiques b\u00e9ninois pour la magistrature supr\u00eame, mais \u00e0 la seule volont\u00e9 d\u2019un homme, de neutraliser politiquement les opposants susceptibles de lui tailler des croupi\u00e8res. Et pour traduire cette volont\u00e9 d\u2019exclusion en acte, Patrice Talon, puisque c\u2019est de lui qu\u2019il s\u2019agit, s\u2019est dot\u00e9 de deux moyens infaillibles. Le premier est le syst\u00e8me de parrainages qu\u2019il a mis en place. Ce tamis de l\u2019ancien magnat du coton, a \u00e9t\u00e9 sans piti\u00e9 pour les opposants s\u00e9rieux. A contrario, le tamis a laiss\u00e9 passer deux illustres inconnus de la sc\u00e8ne politique b\u00e9ninoise. Car, il faut tout de m\u00eame sauver les apparences. C\u2019est donc \u00e0 juste titre que les opposants les qualifient de \u00ab\u00a0candidats fantoches\u00a0\u00bb. Au Burkina, on utiliserait l\u2019expression \u00ab\u00a0candidats motards\u00a0\u00bb pour les d\u00e9signer. Car, leur r\u00f4le est d\u2019accompagner, d\u2019escorter Patrice Talon.<\/em><\/p>\n<p class=\"c4\"><em>\u00a0<\/em><\/p>\n<p class=\"c6\"><strong><em>Le principal enjeu de ce scrutin est le taux de participation<\/em><\/strong><\/p>\n<p class=\"c4\"><em>\u00a0<\/em><\/p>\n<p class=\"c4\"><em>\u00a0Et ce genre de m\u00e9tier, sous nos tropiques, nourrit son homme, puisqu\u2019 \u00e0 l\u2019heure des r\u00e9compenses, on peut leur accorder quelques strapontins. Le second instrument mis en place par Patrice Talon pour casser de l\u2019opposant est la Cour de r\u00e9pression des infractions \u00e9conomiques et du terrorisme (CRIET). La candidate Reckya Madougou a \u00e9t\u00e9 une victime de cette machine infernale dont tout porte \u00e0 croire qu\u2019elle est uniquement friande d\u2019opposants. Et comme l\u2019on pouvait s\u2019y attendre, les B\u00e9ninoises et les B\u00e9ninois \u00e9pris de d\u00e9mocratie et donc d\u2019\u00e9lections inclusives, ont donn\u00e9 de la voix pour d\u00e9noncer cette strat\u00e9gie de liquidation politique de l\u2019opposition. Tant et si bien qu\u2019au Centre et au Nord du pays, des barricades ont \u00e9t\u00e9 dress\u00e9es, des routes coup\u00e9es pour emp\u00eacher la tenue du scrutin. La violence a atteint un niveau particuli\u00e8rement inqui\u00e9tant dans la ville de Sav\u00e9 o\u00f9 l\u2019on a enregistr\u00e9 deux morts. Les croquants appellent \u00e0 un boycott du scrutin et au d\u00e9part de Patrice Talon. Les D\u00e9mocrates de l\u2019ancien pr\u00e9sident Boni Yayi ainsi que le Front pour la restauration de la d\u00e9mocratie (FRD) de Jo\u00ebl Aivo, qui ont leurs fiefs \u00e9lectoraux dans les r\u00e9gions concern\u00e9es par les r\u00e9cents troubles de nature presque insurrectionnelle, militent \u00e9galement pour le boycott. C\u2019est pourquoi le principal enjeu de ce scrutin est le taux de participation. Il sera particuli\u00e8rement scrut\u00e9 dans le Centre et le Nord du pays qui passent aujourd\u2019hui pour de v\u00e9ritables \u00e9picentres de la contestation.<\/em> <em>Mais Patrice Talon est ainsi fait que ce genre d\u2019indicateurs ne l\u2019\u00e9branlent gu\u00e8re dans sa course solitaire et effr\u00e9n\u00e9e vers le bradage des acquis d\u00e9mocratiques du B\u00e9nin. En 2019, par exemple, pour les l\u00e9gislatives, le taux de participation s\u2019\u00e9tait \u00e9tabli \u00e0 moins de 30%, selon les chiffres de la Cour constitutionnelle. Pour autant, Patrice Talon n\u2019en avait pas \u00e9t\u00e9 pein\u00e9. Bien au contraire, il avait vant\u00e9 la vitalit\u00e9 de la d\u00e9mocratie b\u00e9ninoise. Aujourd\u2019hui, l\u2019Assembl\u00e9e nationale b\u00e9ninoise compte 159 d\u00e9put\u00e9s. Et 154 de cet effectif sont de la mouvance pr\u00e9sidentielle.<\/em><\/p>\n<p><strong>\u00a0<\/strong><\/p>\n<p class=\"c6\"><em><strong>Le plus dur pour Patrice Talon sera l\u2019apr\u00e8s-\u00e9lection<\/strong><\/em><\/p>\n<p><strong>\u00a0<\/strong><\/p>\n<p class=\"c4\"><em>\u00a0Cette configuration, qui rappelle la p\u00e9riode des partis uniques, a \u00e9t\u00e9 pens\u00e9e et r\u00e9alis\u00e9e par Patrice Talon. Et le pire pourrait \u00eatre \u00e0 venir tant que cet homme sera \u00e0 la t\u00eate du B\u00e9nin. Il faut m\u00eame craindre qu\u2019il en arrive un jour \u00e0 tripatouiller les textes pour briguer un 3<sup>e<\/sup> mandat.En tout cas, \u00e0 son sujet, il ne faut jurer de rien. Car, l\u2019homme semble \u00eatre venu en politique par effraction. Et en v\u00e9ritable homme d\u2019affaires, seuls les r\u00e9sultats comptent pour lui. Tout le reste n\u2019est que litt\u00e9rature. Du recul donc de la d\u00e9mocratie, l\u2019homme n\u2019en a cure. Ce qui compte pour lui, ce sont les performances \u00e9conomiques. Il oublie que ce qui installe les progr\u00e8s \u00e9conomiques dans la dur\u00e9e, c\u2019est la qualit\u00e9 de la d\u00e9mocratie. En tout cas, en marchant sur les principes \u00e9l\u00e9mentaires de la d\u00e9mocratie comme il le fait actuellement, il court le risque de voir les performances \u00e9conomiques qu\u2019il a r\u00e9alis\u00e9es s\u2019\u00e9crouler comme des ch\u00e2teaux de cartes. C\u2019est s\u00fbr et certain que Patrice Talon remportera le gain de cette pr\u00e9sidentielle. Et le score sera \u00e0 la Djiboutienne (plus de 98%). Car, il a travaill\u00e9 avec m\u00e9thode et cynisme dans cette perspective. Ce faisant, il risque de s\u2019ali\u00e9ner le Centre\u00a0 et le Nord du pays. En tout cas, le scrutin, tel qu\u2019il a \u00e9t\u00e9 organis\u00e9, peut contribuer \u00e0 fracturer davantage le pays. En tout cas, bien des observateurs de la sc\u00e8ne politique b\u00e9ninoise redoutent que ce scrutin ouvre la voie \u00e0 un clivage entre le B\u00e9nin du Sud et le B\u00e9nin du Nord. Le plus dur donc pour Patrice Talon sera l\u2019apr\u00e8s-\u00e9lection. Comment, en effet, parviendra-t-il dans ces conditions, \u00e0 avoir la l\u00e9gitimit\u00e9 qu\u2019il faut, pour conduire tous les B\u00e9ninois vers de lendemains qui chantent ? Rien qu\u2019\u00e0 y penser, il devrait, lorsque sa Cour constitutionnelle le d\u00e9clarera vainqueur de ce scrutin, avoir le triomphe modeste et travailler \u00e0 l\u2019apaisement.<\/em><\/p>\n<p class=\"c4\"><em>\u00a0<\/em><\/p>\n<p class=\"c6\"><strong><em>\u00ab\u00a0Le Pays\u00a0\u00bb<\/em><\/strong><\/p>\n<p>Auteur: Editions LEPAYS<br \/>\n<a href=\"https:\/\/lepays.bf\/presidentielle-beninoise\/\">Cliquez ici pour lire l&rsquo;article depuis sa source.<\/a><\/p>\n","protected":false},"excerpt":{"rendered":"<p>Les B\u00e9ninoises et les B\u00e9ninois ont \u00e9t\u00e9 appel\u00e9s aux urnes le dimanche 11 avril pour le premier tour de la pr\u00e9sidentielle. Lors de la pr\u00e9sidentielle de 2016, 33 candidats \u00e9taient en lice dont l\u2019actuel pr\u00e9sident, Patrice Talon. Cette fois-ci, ils ne sont que 3 \u00e0 se positionner sur la ligne de d\u00e9part. Ce nombre squelettique [&hellip;]<\/p>\n","protected":false},"author":1813,"featured_media":0,"comment_status":"closed","ping_status":"closed","sticky":false,"template":"","format":"standard","meta":{"fifu_image_url":"","fifu_image_alt":"","footnotes":""},"categories":[73,81],"tags":[],"class_list":["post-114719","post","type-post","status-publish","format-standard","hentry","category-actualite","category-burkina-faso"],"_links":{"self":[{"href":"https:\/\/linitiative.ca\/International\/wp-json\/wp\/v2\/posts\/114719","targetHints":{"allow":["GET"]}}],"collection":[{"href":"https:\/\/linitiative.ca\/International\/wp-json\/wp\/v2\/posts"}],"about":[{"href":"https:\/\/linitiative.ca\/International\/wp-json\/wp\/v2\/types\/post"}],"author":[{"embeddable":true,"href":"https:\/\/linitiative.ca\/International\/wp-json\/wp\/v2\/users\/1813"}],"replies":[{"embeddable":true,"href":"https:\/\/linitiative.ca\/International\/wp-json\/wp\/v2\/comments?post=114719"}],"version-history":[{"count":0,"href":"https:\/\/linitiative.ca\/International\/wp-json\/wp\/v2\/posts\/114719\/revisions"}],"wp:attachment":[{"href":"https:\/\/linitiative.ca\/International\/wp-json\/wp\/v2\/media?parent=114719"}],"wp:term":[{"taxonomy":"category","embeddable":true,"href":"https:\/\/linitiative.ca\/International\/wp-json\/wp\/v2\/categories?post=114719"},{"taxonomy":"post_tag","embeddable":true,"href":"https:\/\/linitiative.ca\/International\/wp-json\/wp\/v2\/tags?post=114719"}],"curies":[{"name":"wp","href":"https:\/\/api.w.org\/{rel}","templated":true}]}}