{"id":114722,"date":"2021-04-11T17:08:49","date_gmt":"2021-04-11T21:08:49","guid":{"rendered":"https:\/\/linitiative.ca\/International\/1re-edition-des-cafes-concerts-de-manga-sous-le-signe-de-la-cohesion-sociale\/"},"modified":"2021-04-11T17:08:49","modified_gmt":"2021-04-11T21:08:49","slug":"1re-edition-des-cafes-concerts-de-manga-sous-le-signe-de-la-cohesion-sociale","status":"publish","type":"post","link":"https:\/\/linitiative.ca\/International\/1re-edition-des-cafes-concerts-de-manga-sous-le-signe-de-la-cohesion-sociale\/","title":{"rendered":"1re \u00e9dition des caf\u00e9s-concerts de Manga : Sous le signe de la coh\u00e9sion sociale"},"content":{"rendered":"<div class=\"td-post-featured-image\">\n<figure><a href=\"https:\/\/www.sidwaya.info\/wp-content\/uploads\/2021\/04\/manga.jpg\" data-caption=\"La soir\u00e9e a connu des prestations d\u2019artistes en live.\"><img loading=\"lazy\" decoding=\"async\" width=\"696\" height=\"423\" class=\"entry-thumb td-modal-image\" src=\"https:\/\/www.sidwaya.info\/wp-content\/uploads\/2021\/04\/manga-696x423.jpg\" srcset=\"https:\/\/www.sidwaya.info\/wp-content\/uploads\/2021\/04\/manga-696x423.jpg 696w, https:\/\/www.sidwaya.info\/wp-content\/uploads\/2021\/04\/manga-300x182.jpg 300w, https:\/\/www.sidwaya.info\/wp-content\/uploads\/2021\/04\/manga-768x467.jpg 768w, https:\/\/www.sidwaya.info\/wp-content\/uploads\/2021\/04\/manga-150x91.jpg 150w, https:\/\/www.sidwaya.info\/wp-content\/uploads\/2021\/04\/manga-691x420.jpg 691w, https:\/\/www.sidwaya.info\/wp-content\/uploads\/2021\/04\/manga.jpg 780w\" sizes=\"auto, (max-width: 696px) 100vw, 696px\" alt=\"\" title=\"manga\"\/><\/a><figcaption class=\"wp-caption-text\">La soir\u00e9e a connu des prestations d\u2019artistes en live.<\/figcaption><\/figure>\n<\/div>\n<p><strong>L\u2019artiste musicien Jeannot G, \u00e0 l\u2019\u00e9tat civil Jeannot Zongo, a organis\u00e9, samedi 10 avril 2021, en collaboration avec la Direction r\u00e9gionale de la Culture, des arts et du tourisme du Centre-Sud, la premi\u00e8re \u00e9dition des caf\u00e9s-concerts de Manga, d\u00e9nomm\u00e9s CAF-CONCE Manga, avec pour th\u00e8me\u00a0: \u00ab\u00a0La musique, facteur de coh\u00e9sion et de vivre-ensemble\u00a0\u00bb.<\/strong><\/p>\n<p>La \u00ab\u00a0Cit\u00e9 de l\u2019\u00e9pervier\u00a0\u00bb, et partant la r\u00e9gion du Centre-Sud, vient d\u2019abriter sa premi\u00e8re soir\u00e9e de caf\u00e9-concert, le samedi 10 avril 2021. L\u2019\u00e9v\u00e8nement, encore appel\u00e9 CAFE-CONCE Manga (CCM), est une initiative de l\u2019artiste musicien Jeannot G., \u00e0 l\u2019\u00e9tat civil Jeannot Zongo. Sociologue de formation et charg\u00e9 de projet \u00e0 l\u2019OCADES Manga, parall\u00e8lement \u00e0 sa passion musicale, Jeannot G. a, \u00e0 son actif, un album baptis\u00e9 \u00ab\u00a0L\u2019espoir\u00a0\u00bb sorti en 2016 et plusieurs collaborations comme pianiste avec des artistes nationaux tels Bil Aka kora, Alif Naaba, Am\u00e9ty Meria, Sonia Carr\u00e9 d\u2019as, Yili Nomma et Sana Bob. Pour l\u2019\u00e9dition inaugurale des CCM, tenue en collaboration avec la Direction r\u00e9gionale de la Culture, des arts et du tourisme du Centre-Sud, le th\u00e8me retenu est\u00a0: \u00ab\u00a0La musique, facteur de coh\u00e9sion et de vivre- ensemble\u00a0\u00bb.<\/p>\n<p>Selon le promoteur, ce choix est motiv\u00e9 par la volont\u00e9 de renforcer les connecteurs qui permettent le vivre- ensemble harmonieux. La promotion de la coh\u00e9sion sociale est un enjeu actuel \u00e0 l\u2019\u00e9chelle nationale, a-t-il dit, et en la mati\u00e8re, la musique constitue un excellent vecteur de paix, de solidarit\u00e9 et de fraternit\u00e9. \u00ab\u00a0La musique est th\u00e9rapeutique. Elle a une fonction communicative. Elle stimule l\u2019harmonie, et permet de bien vivre\u00a0\u00bb, a confi\u00e9 l\u2019artiste musicien.<\/p>\n<h3>P\u00e9renniser l\u2019\u00e9v\u00e8nement<\/h3>\n<figure id=\"attachment_34246\" aria-describedby=\"caption-attachment-34246\" class=\"wp-caption alignleft c1\"><img decoding=\"async\" loading=\"lazy\" class=\"size-medium wp-image-34246\" src=\"https:\/\/www.sidwaya.info\/wp-content\/uploads\/2021\/04\/manga2-300x225.jpg\" alt=\"\" width=\"300\" height=\"225\" srcset=\"https:\/\/www.sidwaya.info\/wp-content\/uploads\/2021\/04\/manga2-300x225.jpg 300w, https:\/\/www.sidwaya.info\/wp-content\/uploads\/2021\/04\/manga2-768x576.jpg 768w, https:\/\/www.sidwaya.info\/wp-content\/uploads\/2021\/04\/manga2-150x112.jpg 150w, https:\/\/www.sidwaya.info\/wp-content\/uploads\/2021\/04\/manga2-696x522.jpg 696w, https:\/\/www.sidwaya.info\/wp-content\/uploads\/2021\/04\/manga2-560x420.jpg 560w, https:\/\/www.sidwaya.info\/wp-content\/uploads\/2021\/04\/manga2-80x60.jpg 80w, https:\/\/www.sidwaya.info\/wp-content\/uploads\/2021\/04\/manga2-265x198.jpg 265w, https:\/\/www.sidwaya.info\/wp-content\/uploads\/2021\/04\/manga2.jpg 787w\" sizes=\"auto, (max-width: 300px) 100vw, 300px\"\/><figcaption id=\"caption-attachment-34246\" class=\"wp-caption-text\">Le CM 2021 a mobilis\u00e9 une foule nombreuse.<\/figcaption><\/figure>\n<p>Sur la gen\u00e8se et l\u2019objectif escompt\u00e9 de l\u2019\u00e9v\u00e8nement, Jeannot G. a fait savoir que l\u2019initiative des CCM est puis\u00e9e des exp\u00e9riences de son parcours et vise \u00e0 innover les soir\u00e9es musicales au niveau du Centre-Sud. \u00ab\u00a0C\u2019est une innovation que nous avons introduite dans la r\u00e9gion pour permettre aux artistes de pouvoir s\u2019exprimer, de mieux se conna\u00eetre et de valoriser davantage la culture locale et tout en permettant aussi au public de se r\u00e9jouir et d\u2019\u00e9changer autour de la boisson et de la grillade\u00a0\u00bb, a not\u00e9 Jeannot G. A l\u2019entendre, le projet a vu le jour \u00e9galement gr\u00e2ce \u00e0 l\u2019appui du Fonds de d\u00e9veloppement culturel et touristique \u00e0 travers le Fonds de relance des activit\u00e9s affect\u00e9es par la COVID-19. Le directeur r\u00e9gional en charge de la culture du Centre-Sud, Didier Yam\u00e9ogo, a f\u00e9licit\u00e9 le promoteur pour ses efforts ayant permis la tenue effective du CCM 2021.<\/p>\n<p>Jeannot G. a vu aussi son engagement et sa d\u00e9termination pour la valorisation de la musique locale et la coh\u00e9sion \u00eatre salu\u00e9s par le repr\u00e9sentant du parrain, le d\u00e9put\u00e9-maire Issouf Kabr\u00e9. \u00ab\u00a0L\u2019initiative vient combler un grand vide au niveau de notre r\u00e9gion\u00a0\u00bb, s\u2019est r\u00e9joui, \u00e0 ce propos, le parlementaire. La premi\u00e8re \u00e9dition des CCM a connu des prestations en live d\u2019orchestres locaux et nationaux que sont l\u2019orchestre \u00ab\u00a0Dynamics espoir\u00a0\u00bb de Manga, l\u2019Orchestre communal de Manga et le Trio orchestra de Ouaga.<\/p>\n<p>La soir\u00e9e a \u00e9t\u00e9 \u00e9galement marqu\u00e9e de prestations d\u2019artistes locaux modernes et traditionnels. Se r\u00e9jouissant du succ\u00e8s engrang\u00e9, Jeannot G. a dit nourrir l\u2019espoir d\u2019inscrire l\u2019\u00e9v\u00e8nement dans la dur\u00e9e \u00e0 travers la tenue r\u00e9guli\u00e8re des prochaines \u00e9ditions. L\u2019organisation d\u2019un Caf\u00e9-concert de grande envergure, en l\u2019occurrence un festival, est aussi inscrit dans les perspectives de la p\u00e9rennisation de l\u2019\u00e9v\u00e8nement, a \u00e9galement not\u00e9 le promoteur des CCM.<\/p>\n<p class=\"c2\"><strong>Mamady ZONGO<\/strong><br \/>mzango18@gmail.com<\/p>\n<div class=\"td-a-rec td-a-rec-id-content_bottom tdi_33_73f td_block_template_1\">\n<p><img loading=\"lazy\" decoding=\"async\" class=\"aligncenter size-full wp-image-27454\" src=\"https:\/\/www.sidwaya.info\/wp-content\/uploads\/2020\/10\/PUB-Bandeau-paiement-mobile-siteweb.jpg\" alt=\"\" width=\"728\" height=\"90\"\/><\/div>\n<p>Auteur: JK. Sidwaya<br \/>\n<a href=\"https:\/\/www.sidwaya.info\/blog\/2021\/04\/11\/1re-edition-des-cafes-concerts-de-manga-sous-le-signe-de-la-cohesion-sociale\/\">Cliquez ici pour lire l&rsquo;article depuis sa source.<\/a><\/p>\n","protected":false},"excerpt":{"rendered":"<p>La soir\u00e9e a connu des prestations d\u2019artistes en live. L\u2019artiste musicien Jeannot G, \u00e0 l\u2019\u00e9tat civil Jeannot Zongo, a organis\u00e9, samedi 10 avril 2021, en collaboration avec la Direction r\u00e9gionale de la Culture, des arts et du tourisme du Centre-Sud, la premi\u00e8re \u00e9dition des caf\u00e9s-concerts de Manga, d\u00e9nomm\u00e9s CAF-CONCE Manga, avec pour th\u00e8me\u00a0: \u00ab\u00a0La musique, [&hellip;]<\/p>\n","protected":false},"author":1816,"featured_media":0,"comment_status":"closed","ping_status":"closed","sticky":false,"template":"","format":"standard","meta":{"fifu_image_url":"https:\/\/www.sidwaya.info\/wp-content\/uploads\/2021\/04\/manga-696x423.jpg","fifu_image_alt":"1re \u00e9dition des caf\u00e9s-concerts de Manga : Sous le signe de la coh\u00e9sion sociale","footnotes":""},"categories":[73,81],"tags":[],"class_list":["post-114722","post","type-post","status-publish","format-standard","hentry","category-actualite","category-burkina-faso"],"_links":{"self":[{"href":"https:\/\/linitiative.ca\/International\/wp-json\/wp\/v2\/posts\/114722","targetHints":{"allow":["GET"]}}],"collection":[{"href":"https:\/\/linitiative.ca\/International\/wp-json\/wp\/v2\/posts"}],"about":[{"href":"https:\/\/linitiative.ca\/International\/wp-json\/wp\/v2\/types\/post"}],"author":[{"embeddable":true,"href":"https:\/\/linitiative.ca\/International\/wp-json\/wp\/v2\/users\/1816"}],"replies":[{"embeddable":true,"href":"https:\/\/linitiative.ca\/International\/wp-json\/wp\/v2\/comments?post=114722"}],"version-history":[{"count":0,"href":"https:\/\/linitiative.ca\/International\/wp-json\/wp\/v2\/posts\/114722\/revisions"}],"wp:attachment":[{"href":"https:\/\/linitiative.ca\/International\/wp-json\/wp\/v2\/media?parent=114722"}],"wp:term":[{"taxonomy":"category","embeddable":true,"href":"https:\/\/linitiative.ca\/International\/wp-json\/wp\/v2\/categories?post=114722"},{"taxonomy":"post_tag","embeddable":true,"href":"https:\/\/linitiative.ca\/International\/wp-json\/wp\/v2\/tags?post=114722"}],"curies":[{"name":"wp","href":"https:\/\/api.w.org\/{rel}","templated":true}]}}