{"id":114724,"date":"2021-04-11T17:16:34","date_gmt":"2021-04-11T21:16:34","guid":{"rendered":"https:\/\/linitiative.ca\/International\/mouvement-feministe-au-burkina-faso-le-centre-de-recherche-en-genre-lance-le-debat\/"},"modified":"2021-04-11T17:16:34","modified_gmt":"2021-04-11T21:16:34","slug":"mouvement-feministe-au-burkina-faso-le-centre-de-recherche-en-genre-lance-le-debat","status":"publish","type":"post","link":"https:\/\/linitiative.ca\/International\/mouvement-feministe-au-burkina-faso-le-centre-de-recherche-en-genre-lance-le-debat\/","title":{"rendered":"Mouvement f\u00e9ministe au Burkina Faso : Le Centre de recherche en genre lance le d\u00e9bat"},"content":{"rendered":"<div class=\"td-post-featured-image\">\n<figure><a href=\"https:\/\/www.sidwaya.info\/wp-content\/uploads\/2021\/04\/feministe.jpg\" data-caption=\"Nestorine Sangar\u00e9, pan\u00e9liste\u00a0: \u00ab\u00a0Le f\u00e9minisme est quelque chose de bon lorsqu\u2019il reste limit\u00e9 \u00e0 la promotion des droits des femmes\u00a0\u00bb.\"><img loading=\"lazy\" decoding=\"async\" width=\"696\" height=\"464\" class=\"entry-thumb td-modal-image\" src=\"https:\/\/www.sidwaya.info\/wp-content\/uploads\/2021\/04\/feministe-696x464.jpg\" srcset=\"https:\/\/www.sidwaya.info\/wp-content\/uploads\/2021\/04\/feministe-696x464.jpg 696w, https:\/\/www.sidwaya.info\/wp-content\/uploads\/2021\/04\/feministe-300x200.jpg 300w, https:\/\/www.sidwaya.info\/wp-content\/uploads\/2021\/04\/feministe-768x512.jpg 768w, https:\/\/www.sidwaya.info\/wp-content\/uploads\/2021\/04\/feministe-150x100.jpg 150w, https:\/\/www.sidwaya.info\/wp-content\/uploads\/2021\/04\/feministe-630x420.jpg 630w, https:\/\/www.sidwaya.info\/wp-content\/uploads\/2021\/04\/feministe.jpg 787w\" sizes=\"auto, (max-width: 696px) 100vw, 696px\" alt=\"\" title=\"feministe\"\/><\/a><figcaption class=\"wp-caption-text\">Nestorine Sangar\u00e9, pan\u00e9liste\u00a0: \u00ab\u00a0Le f\u00e9minisme est quelque chose de bon lorsqu\u2019il reste limit\u00e9 \u00e0 la promotion des droits des femmes\u00a0\u00bb.<\/figcaption><\/figure>\n<\/div>\n<p><strong>Le Centre de recherche et d\u2019intervention en genre et d\u00e9veloppement (CRIGED) a organis\u00e9, une conf\u00e9rence publique sur le mouvement f\u00e9ministe au Burkina Faso, le jeudi 8 avril 2021 \u00e0 Ouagadougou.<\/strong><\/p>\n<p>Depuis cinq ann\u00e9es environ, on assiste \u00e0 un renouveau du mouvement f\u00e9ministe dans le monde. Le Burkina Faso ne vivant pas en autarcie, il n\u2019est pas en marge de cette tendance. En effet, la plupart des bailleurs de fonds intervenant dans le pays disent appliquer une politique de coop\u00e9ration f\u00e9ministe dans leurs interventions. Mais qu\u2019est-ce qu\u2019on entend par f\u00e9minisme\u00a0? Qu\u2019est-ce qu\u2019on veut d\u00e9fendre \u00e0 travers ce mouvement\u00a0? C\u2019est \u00e0 ces questions que le Centre de recherche et d\u2019intervention en genre et d\u00e9veloppement (CRIGED) a essay\u00e9 de r\u00e9pondre au cours d\u2019une conf\u00e9rence publique organis\u00e9e, le jeudi 8 avril 2021, \u00e0 Ouagadougou.<\/p>\n<p>Trois pan\u00e9listes que sont\u00a0: Nestorine Sangar\u00e9, communicatrice, g\u00e9ologue, ancienne ministre de la Femme, Ass\u00e9tou Sawadogo Secr\u00e9taire permanente du Conseil national pour la promotion du genre (SP\/CONAP-Genre) et Julie Rose Ou\u00e9draogo magistrate, conseill\u00e8re \u00e0 la Cour d\u2019appel de Ouagadougou ont essay\u00e9, \u00e0 travers des communications, de montrer l\u2019historique du concept, de pr\u00e9senter ses diff\u00e9rents courants, ses acquis et d\u00e9fis au Burkina. Concernant l\u2019historique du f\u00e9minisme, Mme Sangar\u00e9 a fait savoir que l\u2019id\u00e9ologie f\u00e9ministe est n\u00e9e au 19e si\u00e8cle avec des variations selon les pays. En effet, a-t-elle dit, il y avait le f\u00e9minisme fran\u00e7ais, am\u00e9ricain, anglais, etc.<\/p>\n<p>Toutefois, a-t-elle pr\u00e9cis\u00e9, l\u2019ensemble de ces mouvements \u00e9taient fond\u00e9s sur le principe que la condition de la femme est injuste et doit changer. Concernant le cas sp\u00e9cifique du Burkina, elle a not\u00e9 que c\u2019est \u00e0 partir de la R\u00e9volution que le f\u00e9minisme a germ\u00e9 au pays des Hommes int\u00e8gres gr\u00e2ce au pr\u00e9sident Thomas Sankara qui s\u2019est r\u00e9clam\u00e9 f\u00e9ministe et a \u0153uvr\u00e9 pour mettre fin \u00e0 certaines violences faites aux femmes telles que l\u2019excision, le l\u00e9virat, la dot, etc. Cependant, elle a soulign\u00e9 que le mouvement f\u00e9ministe n\u2019a pas fleuri au Burkina en ce sens que les femmes burkinab\u00e8 n\u2019ont pas eu \u00e0 mener de grandes luttes pour b\u00e9n\u00e9ficier de certains droits fondamentaux comme cela a \u00e9t\u00e9 le cas chez les occidentaux.<\/p>\n<p>En effet, a expliqu\u00e9 Nestorine Sangar\u00e9, les femmes burkinab\u00e8 ont h\u00e9rit\u00e9 des droits fran\u00e7ais \u00e0 travers les textes et conventions que le pays a ratifi\u00e9s. Toutefois, certains acquis sont \u00e0 mettre au compte du mouvement f\u00e9ministe qui, bien que n\u2019ayant pas prosp\u00e9r\u00e9 au pays des Hommes int\u00e8gres a contribu\u00e9 \u00e0 l\u2019am\u00e9lioration des conditions des femmes. Au nombre de ceux-ci, la SP CONAP-Genre a cit\u00e9 la parit\u00e9 homme-femme en mati\u00e8re d\u2019acc\u00e8s \u00e0 l\u2019\u00e9ducation. A cela, elle a ajout\u00e9 la r\u00e9duction du taux de mortalit\u00e9 maternelle et infantile et celle de la pauvret\u00e9 des femmes. \u00ab\u00a0On dit souvent que la pauvret\u00e9 a un visage f\u00e9minin, mais au fur et \u00e0 mesure, les femmes arrivent \u00e0 tirer leur \u00e9pingle du jeu\u00a0\u00bb, a-t-elle appr\u00e9ci\u00e9.<\/p>\n<p>Au niveau politique, Mme Kabor\u00e9 a salu\u00e9 l\u2019engouement de plus en plus grandissant de la gent f\u00e9minine pour la chose politique. Tout en se r\u00e9jouissant de ces acquis, elle a not\u00e9 cependant que des d\u00e9fis restent \u00e0 relever notamment sur le plan politique o\u00f9 le seuil minimal de 30% de femmes \u00e0 l\u2019Assembl\u00e9e nationale et au gouvernement n\u2019est pas encore atteint. \u00ab\u00a0C\u2019est un gros d\u00e9fi \u00e0 relever, car c\u2019est \u00e0 l\u2019h\u00e9micycle et au sein de l\u2019ex\u00e9cutif que les choses principales se jouent. Et si les femmes n\u2019y sont pas assez repr\u00e9sent\u00e9es, cela constitue un s\u00e9rieux probl\u00e8me\u00a0\u00bb, a-t-elle estim\u00e9.<\/p>\n<h3>Particulariser le f\u00e9minisme burkinab\u00e8<\/h3>\n<p>A ce d\u00e9fi, Mme Sawadogo a ajout\u00e9 la probl\u00e9matique du maintien des filles \u00e0 l\u2019\u00e9cole. Pour elle, une chose est d\u2019inscrire les filles \u00e0 l\u2019\u00e9cole, mais une autre est de faire en sorte qu\u2019elles restent sur les bancs jusqu\u2019\u00e0 obtenir des dipl\u00f4mes qui leur permettront d\u2019occuper des sph\u00e8res de d\u00e9cisions. \u00ab\u00a0Malheureusement au Burkina, nous n\u2019en sommes pas l\u00e0. Au niveau de l\u2019ach\u00e8vement scolaire, il y a toujours des difficult\u00e9s qui sont accentu\u00e9es par les grossesses non d\u00e9sir\u00e9es\u00a0\u00bb, a-t-elle d\u00e9plor\u00e9. Sur le plan sanitaire, Ass\u00e9tou Sawadogo a fait remarquer que la mortalit\u00e9 maternelle reste \u00e9lev\u00e9e au Burkina et constitue un d\u00e9fi \u00e0 relever par les autorit\u00e9s.<\/p>\n<p>Face \u00e0 ces d\u00e9fis, les pan\u00e9listes, d\u2019un commun accord se sont dit convaincues de l\u2019apport indispensable du f\u00e9minisme dans l\u2019am\u00e9lioration de la condition des femmes au Burkina. Mais de quel f\u00e9minisme s\u2019agit-il\u00a0? C\u2019est \u00e0 cette question que la magistrate, Julie Rose Ou\u00e9draogo a tent\u00e9 de r\u00e9pondre dans sa communication. De ce qu\u2019elle a dit, il existe deux courants de f\u00e9minisme dans le monde que sont le f\u00e9minisme mod\u00e9r\u00e9 et radical. Pendant que le f\u00e9minisme mod\u00e9r\u00e9 s\u2019attaque aux discriminations et aux violences faites aux femmes ainsi qu\u2019\u00e0 la probl\u00e9matique de leur autonomisation \u00e9conomique, celui radical, quant \u00e0 lui, remet en cause le r\u00f4le reproductif de la femme. Pour ce courant de pens\u00e9e, il faut compter sur l\u2019\u00e9volution technologique pour permettre \u00e0 l\u2019autre moiti\u00e9 du ciel de se lib\u00e9rer de ce r\u00f4le reproductif qui constitue pour elle une oppression.<\/p>\n<p>Selon la pan\u00e9liste, c\u2019est cette multiplicit\u00e9 de courants qui cr\u00e9e la m\u00e9fiance et le rejet vis-\u00e0-vis du mouvement f\u00e9ministe. Au final, a-t-elle regrett\u00e9, les gens n\u2019arrivent pas \u00e0 faire la diff\u00e9rence entre le f\u00e9minisme mod\u00e9r\u00e9 et celui radical. C\u2019est l\u00e0 tout le sens de cette conf\u00e9rence qui, aux dires de Dr Sangar\u00e9, va permettre d\u2019asseoir et de particulariser le f\u00e9minisme que les Burkinab\u00e8 veulent mener. \u00ab\u00a0Il y a plusieurs courants de f\u00e9minisme et aujourd\u2019hui, le f\u00e9minisme radical est le plus dominant. C\u2019est celui que porte le mouvement homosexuel en l\u2019occurrence. Nous voulons que lorsqu\u2019on parle de f\u00e9minisme, on ne fasse pas l\u2019amalgame.<\/p>\n<p>Nous ne voulons pas arriver \u00e0 une situation o\u00f9 des femmes vont se prendre pour des hommes pour aller changer de physionomie ou que, sous couvert de certains projets, des bailleurs fassent la promotion des comportements sexuels et que nos enfants pensant que c\u2019est une mode vont s\u2019y embarquer b\u00eatement \u00bb, a-t-elle soutenu. Pour elle, il faut que les choses soient claires\u00a0: le f\u00e9minisme voulu au Burkina est celui qui fait la promotion des droits des femmes et appelle \u00e0 lutter contre toutes les formes de violences \u00e0 leur \u00e9gard.<\/p>\n<p class=\"c1\"><strong>Nad\u00e8ge YAMEOGO<\/strong><\/p>\n<div class=\"td-a-rec td-a-rec-id-content_bottom tdi_33_f37 td_block_template_1\">\n<p><img loading=\"lazy\" decoding=\"async\" class=\"aligncenter size-full wp-image-27454\" src=\"https:\/\/www.sidwaya.info\/wp-content\/uploads\/2020\/10\/PUB-Bandeau-paiement-mobile-siteweb.jpg\" alt=\"\" width=\"728\" height=\"90\"\/><\/div>\n<p>Auteur: JK. Sidwaya<br \/>\n<a href=\"https:\/\/www.sidwaya.info\/blog\/2021\/04\/11\/mouvement-feministe-au-burkina-faso-le-centre-de-recherche-en-genre-lance-le-debat\/\">Cliquez ici pour lire l&rsquo;article depuis sa source.<\/a><\/p>\n","protected":false},"excerpt":{"rendered":"<p>Nestorine Sangar\u00e9, pan\u00e9liste\u00a0: \u00ab\u00a0Le f\u00e9minisme est quelque chose de bon lorsqu\u2019il reste limit\u00e9 \u00e0 la promotion des droits des femmes\u00a0\u00bb. Le Centre de recherche et d\u2019intervention en genre et d\u00e9veloppement (CRIGED) a organis\u00e9, une conf\u00e9rence publique sur le mouvement f\u00e9ministe au Burkina Faso, le jeudi 8 avril 2021 \u00e0 Ouagadougou. Depuis cinq ann\u00e9es environ, on [&hellip;]<\/p>\n","protected":false},"author":1816,"featured_media":0,"comment_status":"closed","ping_status":"closed","sticky":false,"template":"","format":"standard","meta":{"fifu_image_url":"https:\/\/www.sidwaya.info\/wp-content\/uploads\/2021\/04\/feministe-696x464.jpg","fifu_image_alt":"Mouvement f\u00e9ministe au Burkina Faso : Le Centre de recherche en genre lance le d\u00e9bat","footnotes":""},"categories":[73,81],"tags":[],"class_list":["post-114724","post","type-post","status-publish","format-standard","hentry","category-actualite","category-burkina-faso"],"_links":{"self":[{"href":"https:\/\/linitiative.ca\/International\/wp-json\/wp\/v2\/posts\/114724","targetHints":{"allow":["GET"]}}],"collection":[{"href":"https:\/\/linitiative.ca\/International\/wp-json\/wp\/v2\/posts"}],"about":[{"href":"https:\/\/linitiative.ca\/International\/wp-json\/wp\/v2\/types\/post"}],"author":[{"embeddable":true,"href":"https:\/\/linitiative.ca\/International\/wp-json\/wp\/v2\/users\/1816"}],"replies":[{"embeddable":true,"href":"https:\/\/linitiative.ca\/International\/wp-json\/wp\/v2\/comments?post=114724"}],"version-history":[{"count":0,"href":"https:\/\/linitiative.ca\/International\/wp-json\/wp\/v2\/posts\/114724\/revisions"}],"wp:attachment":[{"href":"https:\/\/linitiative.ca\/International\/wp-json\/wp\/v2\/media?parent=114724"}],"wp:term":[{"taxonomy":"category","embeddable":true,"href":"https:\/\/linitiative.ca\/International\/wp-json\/wp\/v2\/categories?post=114724"},{"taxonomy":"post_tag","embeddable":true,"href":"https:\/\/linitiative.ca\/International\/wp-json\/wp\/v2\/tags?post=114724"}],"curies":[{"name":"wp","href":"https:\/\/api.w.org\/{rel}","templated":true}]}}