{"id":114726,"date":"2021-04-11T17:21:50","date_gmt":"2021-04-11T21:21:50","guid":{"rendered":"https:\/\/linitiative.ca\/International\/tenir-compte-des-progres\/"},"modified":"2021-04-11T17:21:50","modified_gmt":"2021-04-11T21:21:50","slug":"tenir-compte-des-progres","status":"publish","type":"post","link":"https:\/\/linitiative.ca\/International\/tenir-compte-des-progres\/","title":{"rendered":"Tenir compte des progr\u00e8s"},"content":{"rendered":"<div class=\"td-post-featured-image\"><a href=\"https:\/\/www.sidwaya.info\/wp-content\/uploads\/2020\/07\/edito027.jpg\" data-caption=\"\"><img loading=\"lazy\" decoding=\"async\" width=\"465\" height=\"579\" class=\"entry-thumb td-modal-image\" src=\"https:\/\/www.sidwaya.info\/wp-content\/uploads\/2020\/07\/edito027.jpg\" srcset=\"https:\/\/www.sidwaya.info\/wp-content\/uploads\/2020\/07\/edito027.jpg 465w, https:\/\/www.sidwaya.info\/wp-content\/uploads\/2020\/07\/edito027-241x300.jpg 241w, https:\/\/www.sidwaya.info\/wp-content\/uploads\/2020\/07\/edito027-337x420.jpg 337w\" sizes=\"auto, (max-width: 465px) 100vw, 465px\" alt=\"\" title=\"edito027\"\/><\/a><\/div>\n<p>La repr\u00e9sentation nationale d\u2019Amnesty International a pr\u00e9sent\u00e9, mercredi dernier \u00e0 Ouagadougou, le rapport 2020\/21 de l\u2019ONG sur les droits humains. Le document de 500 pages jette un regard sur le Burkina, \u00e0 la page 136, parmi 35 pays du continent o\u00f9 la situation des droits humains est jug\u00e9e \u00ab\u00a0alarmante\u00a0\u00bb. Les r\u00e9criminations n\u2019ont pas vari\u00e9. Entre autres griefs, ce rapport pointe des ex\u00e9cutions extrajudiciaires et la commission d\u2019actes de tortures dans un climat \u00ab\u00a0d\u2019impunit\u00e9 g\u00e9n\u00e9ralis\u00e9e\u00a0\u00bb.<\/p>\n<p>A priori, il est loisible d\u2019affirmer que l\u2019ONG de renomm\u00e9e mondiale pour ses prises de positions tranch\u00e9es sur tout ce qui constitue une violation des droits humains \u00e0 travers \u00ab\u00a0le monde libre\u00a0\u00bb, a fait son job. Des questions taraudent n\u00e9anmoins l\u2019esprit de certains de nos concitoyens. Pourquoi maintenant\u00a0?<br \/>Y aurait-il un but recherch\u00e9\u00a0? Pourquoi les avanc\u00e9es notables n\u2019ont pas \u00e9t\u00e9 prises en compte\u00a0? En effet, les conclusions du rapport 2020-2021 d\u2019Amnesty international rappellent celles d\u2019international Crisis Group publi\u00e9es en f\u00e9vrier 2020 pour le compte de l\u2019ann\u00e9e pr\u00e9c\u00e9dente. L\u2019ONG recommandait (sic), \u00ab\u00a0un usage proportionn\u00e9 de la force\u00a0\u00bb, la limitation du r\u00f4le des groupes d\u2019autod\u00e9fense, la r\u00e9solution de la question fonci\u00e8re qui fait le lit des conflits locaux, la mise en place de garde-fous contre les abus.<\/p>\n<p>Ces recommandations ont d\u00e9j\u00e0 donn\u00e9 lieu \u00e0 la prise de mesures correctives par les diff\u00e9rentes entit\u00e9s \u00e9pingl\u00e9es et dont la prise en compte aurait, peut \u00eatre, rendu le pr\u00e9sent rapport moins alarmant pour le Burkina Faso. Aussi la prise en compte du contexte, qui est celui du Burkina Faso, aurait-il facilit\u00e9 la compr\u00e9hension de la situation pour l\u2019observateur lambda. Le terrorisme a pris pied en 2016 dans le pays, devenu en quelques ann\u00e9es une destination vivement d\u00e9conseill\u00e9e par les chancelleries occidentales. En 2019, le Burkina Faso est devenu le pays sah\u00e9lien le plus cibl\u00e9 par les attaques terroristes avec un rapport de force en d\u00e9faveur des forces r\u00e9guli\u00e8res, dans un attentisme sid\u00e9rant.<\/p>\n<p>Ebranl\u00e9 dans ses fondements, le pays, au-del\u00e0 de l\u2019appel \u00e0 la solidarit\u00e9 internationale, a tent\u00e9 de mobiliser ses propres forces, d\u00e9nomm\u00e9es Volontaires pour la d\u00e9fense de la patrie (VDP). L\u2019ultime tentative de reprise en main de la situation par les FDS, appuy\u00e9es localement par des VDP a co\u00efncid\u00e9 avec le r\u00e9veil soudain et les cris d\u2019orfraie de certains partenaires internationaux du pays, relay\u00e9s par leurs organisations de d\u00e9fense des droits humains pour d\u00e9noncer des crimes de guerre, des ex\u00e9cutions extrajudiciaires sur des bases communautaires\u00a0\u2026 Le rapport ne fait pas la part entre les victimes, ce peuple respectueux, travailleur et les coupables, ces \u00ab\u00a0voyous\u00a0\u00bb qui, sous le couvert d\u2019une guerre sainte, font des veuves, des orphelins et privent le pays des Hommes int\u00e8gres de cette paix qui a toujours fait sa sp\u00e9cificit\u00e9.<\/p>\n<p>Mais il nous semble qu\u2019il en va aujourd\u2019hui du Burkina Faso comme d\u2019autres pays endurant au quotidien l\u2019extr\u00e9misme violent\u00a0: tant que des hordes de hors-la-loi viendront troubler la stabilit\u00e9 et obliger l\u2019Etat \u00e0 revoir ses priorit\u00e9s de d\u00e9veloppement, le risque de trouver sur le chemin des fils int\u00e8gres demeurera. Avant d\u2019\u00eatre engag\u00e9 dans la spirale terroriste avec la cohorte de crimes crapuleux, de victimes innocentes dans tous les milieux, rarement Amnesty international trouvait \u00e0 redire sur la gouvernance en mati\u00e8re des droits humains au Burkina. Peut-\u00eatre alors, faut-il aider le pays, initialement consid\u00e9r\u00e9 comme \u00ab\u00a0le ventre mou\u00a0\u00bb militaire de la sous-r\u00e9gion, \u00e0 continuer \u00e0 consolider ses acquis, \u00e0 sauvegarder la vie et les int\u00e9r\u00eats du peuple.<\/p>\n<p>Pour imager, il n\u2019y a pas lieu de galvaniser David parce qu\u2019il est \u00ab\u00a0petit\u00a0\u00bb, moins baraqu\u00e9 que Goliath en les mettant sur le m\u00eame registre. En quoi des forces qui ont \u00e9t\u00e9 attaqu\u00e9es, souvent dans leurs rep\u00e8res, peuvent-elles figurer sur la m\u00eame liste que des hordes de tueurs sans formation et sans id\u00e9ologie fixe\u00a0? Osons croire que les conclusions de ce rapport ne serviront pas de base \u00e0 des mesures de r\u00e9torsions internationales pour \u00e9touffer et priver un pays \u00e0 forte \u00ab\u00a0d\u00e9pendance s\u00e9curitaire\u00a0\u00bb, de ses atouts qui lui permettent de tenir et de faire face \u00e0 l\u2019ennemi. Heureusement, il n\u2019est dans l\u2019int\u00e9r\u00eat de personne d\u2019offrir ce coup de pouce inesp\u00e9r\u00e9 \u00e0 l\u2019entreprise terroriste qui lorgne d\u00e9j\u00e0 les c\u00f4tes du Golfe de Guin\u00e9e.<\/p>\n<p class=\"c1\"><strong>Par Mahamadi TIEGNA<\/strong><br \/>mahamaditiegna@yahoo.fr<\/p>\n<div class=\"td-a-rec td-a-rec-id-content_bottom tdi_33_36b td_block_template_1\">\n<p><img loading=\"lazy\" decoding=\"async\" class=\"aligncenter size-full wp-image-27454\" src=\"https:\/\/www.sidwaya.info\/wp-content\/uploads\/2020\/10\/PUB-Bandeau-paiement-mobile-siteweb.jpg\" alt=\"\" width=\"728\" height=\"90\"\/><\/div>\n<p>Auteur: JK. Sidwaya<br \/>\n<a href=\"https:\/\/www.sidwaya.info\/blog\/2021\/04\/11\/tenir-compte-des-progres\/\">Cliquez ici pour lire l&rsquo;article depuis sa source.<\/a><\/p>\n","protected":false},"excerpt":{"rendered":"<p>La repr\u00e9sentation nationale d\u2019Amnesty International a pr\u00e9sent\u00e9, mercredi dernier \u00e0 Ouagadougou, le rapport 2020\/21 de l\u2019ONG sur les droits humains. Le document de 500 pages jette un regard sur le Burkina, \u00e0 la page 136, parmi 35 pays du continent o\u00f9 la situation des droits humains est jug\u00e9e \u00ab\u00a0alarmante\u00a0\u00bb. Les r\u00e9criminations n\u2019ont pas vari\u00e9. Entre [&hellip;]<\/p>\n","protected":false},"author":1816,"featured_media":0,"comment_status":"closed","ping_status":"closed","sticky":false,"template":"","format":"standard","meta":{"fifu_image_url":"https:\/\/www.sidwaya.info\/wp-content\/uploads\/2020\/07\/edito027.jpg","fifu_image_alt":"Tenir compte des progr\u00e8s","footnotes":""},"categories":[73,81],"tags":[],"class_list":["post-114726","post","type-post","status-publish","format-standard","hentry","category-actualite","category-burkina-faso"],"_links":{"self":[{"href":"https:\/\/linitiative.ca\/International\/wp-json\/wp\/v2\/posts\/114726","targetHints":{"allow":["GET"]}}],"collection":[{"href":"https:\/\/linitiative.ca\/International\/wp-json\/wp\/v2\/posts"}],"about":[{"href":"https:\/\/linitiative.ca\/International\/wp-json\/wp\/v2\/types\/post"}],"author":[{"embeddable":true,"href":"https:\/\/linitiative.ca\/International\/wp-json\/wp\/v2\/users\/1816"}],"replies":[{"embeddable":true,"href":"https:\/\/linitiative.ca\/International\/wp-json\/wp\/v2\/comments?post=114726"}],"version-history":[{"count":0,"href":"https:\/\/linitiative.ca\/International\/wp-json\/wp\/v2\/posts\/114726\/revisions"}],"wp:attachment":[{"href":"https:\/\/linitiative.ca\/International\/wp-json\/wp\/v2\/media?parent=114726"}],"wp:term":[{"taxonomy":"category","embeddable":true,"href":"https:\/\/linitiative.ca\/International\/wp-json\/wp\/v2\/categories?post=114726"},{"taxonomy":"post_tag","embeddable":true,"href":"https:\/\/linitiative.ca\/International\/wp-json\/wp\/v2\/tags?post=114726"}],"curies":[{"name":"wp","href":"https:\/\/api.w.org\/{rel}","templated":true}]}}