{"id":114731,"date":"2021-04-11T11:40:05","date_gmt":"2021-04-11T15:40:05","guid":{"rendered":"https:\/\/linitiative.ca\/International\/strategie-de-developpement-le-minepat-garant-du-succes-de-la-snd30\/"},"modified":"2021-04-11T11:40:05","modified_gmt":"2021-04-11T15:40:05","slug":"strategie-de-developpement-le-minepat-garant-du-succes-de-la-snd30","status":"publish","type":"post","link":"https:\/\/linitiative.ca\/International\/strategie-de-developpement-le-minepat-garant-du-succes-de-la-snd30\/","title":{"rendered":"Strat\u00e9gie de d\u00e9veloppement : le Minepat garant du succ\u00e8s de la SND30"},"content":{"rendered":"<p>Dans sa circulaire du 20 juillet 2020 pr\u00e9paratoire au budget de l\u2019Etat pour l\u2019exercice 2021, le pr\u00e9sident de la R\u00e9publique a fix\u00e9 le cap: sur le plan \u00e9conomique, la priorit\u00e9 du gouvernement sera \u201cd\u2019assurer l\u2019avanc\u00e9e vers l\u2019atteinte des objectifs d\u2019\u00e9mergence \u00e0 travers la transformation structurelle de l\u2019\u00e9conomie.\u201d Pour ce faire, il devra : \u201c\u00e9laborer l\u2019avant-projet de loi de modernisation de l\u2019\u00e9conomie, portant orientation programmatique de la strat\u00e9gie nationale de d\u00e9veloppement du Cameroun 2020-2030 (SND30)\u201d [rendue publique le 16 novembre 2020, Ndlr].<\/p>\n<p>En attendant la finalisation de l\u2019avant-projet de loi prescrit, le Premier ministre, Joseph Dion Ngute a sign\u00e9 le 23 mars 2021 un d\u00e9cret portant cr\u00e9ation, organisation et fonctionnement du Comit\u00e9 national de suivi-\u00e9valuation de la mise en \u0153uvre de la Strat\u00e9gie nationale de d\u00e9veloppement 2020-2030 (Cnse-SND30). Au nouveau Comit\u00e9, le Chef du gouvernement assigne entre autres missions d\u2019assurer \u201cle suivi et l\u2019encadrement technique et op\u00e9rationnel de l\u2019ensemble des travaux relatifs \u00e0 la mise en \u0153uvre de la SND30.\u201d<\/p>\n<p><strong>Lire aussi<\/strong> : <strong><a href=\"https:\/\/ecomatin.net\/snd30-les-premiers-rendez-vous-manques\/\">SND30 : les premiers rendez-vous manqu\u00e9s<\/a><\/strong><\/p>\n<p>Le Cnse-SND30 est ainsi charg\u00e9 de veiller \u00e0 la finalisation des projets et r\u00e9formes entam\u00e9s dans le cadre du Document de strat\u00e9gie pour le croissance et l\u2019emploi (Dsce) et \u00e0 l\u2019op\u00e9rationnalisation de tous les engagements du gouvernement \u0153uvrant pour l\u2019atteinte des objectifs de la Vision d\u2019\u00e9mergence du pays \u00e0 l\u2019horizon 2035; de suivre le processus de r\u00e9alisation des \u00e9tudes strat\u00e9giques d\u2019op\u00e9rationnalisation de la SND30 et notamment les \u00e9tudes de faisabilit\u00e9 des plans et r\u00e9formes identifi\u00e9es dans la strat\u00e9gie; d\u2019actualiser et d\u2019assurer le suivi-\u00e9valuation de la SND30 et des strat\u00e9gies sectorielles \u00e0 travers notamment la production et la validation des rapports semestriels et annuels de mise en \u0153uvre des strat\u00e9gies sectorielles; de suivre et d\u2019optimiser en collaboration avec les administrations concern\u00e9es, le processus d\u2019appropriation par le Cameroun des clauses de rendez-vous des grands agendas internationaux (ODD, Agenda 2063, etc.; soumettre \u00e0 l\u2019arbitrage du Premier ministre, Chef du gouvernement des propositions d\u2019axes de priorisation des interventions du gouvernement dans tous les secteurs, en vue de garantir la coh\u00e9rence inter et intra sectorielle des dites interventions avec les objectifs strat\u00e9giques poursuivis par la SND30; de veiller \u00e0 la d\u00e9clinaison de la SND30 et des strat\u00e9gies sectorielles dans les administrations, \u00e0 travers des Cadres strat\u00e9giques de performance et des plans strat\u00e9giques; de veiller \u00e0 la consultation, la mobilisation et sensibilisation, selon les cas, de l\u2019ensemble des acteurs institutionnels directement concern\u00e9s, y compris les partenaires au D\u00e9veloppement, pour la mise en \u0153uvre de la SND30.<\/p>\n<p><strong>Cap sur l\u2019\u00e9mergence<\/strong><\/p>\n<p>Pour ce qui est de son fonctionnement, le Cnse-SND30 se r\u00e9unit une fois par semestre et est pr\u00e9sid\u00e9 par le ministre en charge de la Planification. Une fonction qu\u2019occupe actuellement Alamine Ousmane Mey en tant que ministre de l\u2019Economie, de la planification et de l\u2019am\u00e9nagement du territoire (Minepat). C\u2019est donc \u00e0 lui qu\u2019incombe d\u00e9sormais la bonne ex\u00e9cution de la SND30. Il est donc concern\u00e9 au premier chef par l\u2019instruction du pr\u00e9sident de la R\u00e9publique de \u201cmaintenir le Cameroun sur les rails de l\u2019\u00e9mergence\u201d.<\/p>\n<p><strong>Lire aussi<\/strong> : <strong><a href=\"https:\/\/ecomatin.net\/planification-ladministration-interne-du-minepat-a-lecole-de-la-snd30\/\">Planification : l\u2019administration interne du Minepat \u00e0 l\u2019\u00e9cole de la SND30<\/a><\/strong><\/p>\n<p>Outre le Minepat, le Comit\u00e9 est compos\u00e9 des Secr\u00e9taires g\u00e9n\u00e9raux des minist\u00e8res ; du pr\u00e9sident et du secr\u00e9taire permanent du comit\u00e9 technique de suivi des programmes, du Secr\u00e9taire g\u00e9n\u00e9ral de la Commission nationale de promotion du bilinguisme et du multiculturalisme, des Secr\u00e9taires permanents de la Commission des droits de l\u2019homme du Cameroun et du conseil national de la d\u00e9centralisation, du coordonnateur du programme national de gouvernance ; de certains directeurs g\u00e9n\u00e9raux d\u2019administration au Minepat et au Minfi, des directeurs g\u00e9n\u00e9raux des structures en charge des Imp\u00f4ts, de la Douane, des Statistiques, du Recensement ; des repr\u00e9sentants des Services du Premier ministre, des collectivit\u00e9s territoriales d\u00e9centralis\u00e9es et de la soci\u00e9t\u00e9 civile.<\/p>\n<p>Le Comit\u00e9 est dot\u00e9 d\u2019une Unit\u00e9 technique de coordination et des sous-commissions sectorielles, align\u00e9es sur la r\u00e9partition sectorielle des administrations publiques (Infrastructures, secteur Rural, Industries et services, Education et formation professionnelle, Sant\u00e9, Autres services sociaux et protection sociale, Gouvernance et souverainet\u00e9).<\/p>\n<p><strong>Lire aussi<\/strong> : <strong><a href=\"https:\/\/ecomatin.net\/planification-les-hypotheques-qui-menacent-le-succes-de-la-snd30\/\">Planification : les hypoth\u00e8ques qui menacent le succ\u00e8s de la SND30<\/a><\/strong><\/p>\n<p>Auteur: Philipe NSOA<br \/>\n<a href=\"https:\/\/ecomatin.net\/strategie-de-developpement-le-minepat-garant-du-success-de-la-snd30\/\">Cliquez ici pour lire l&rsquo;article depuis sa source.<\/a><\/p>\n","protected":false},"excerpt":{"rendered":"<p>Dans sa circulaire du 20 juillet 2020 pr\u00e9paratoire au budget de l\u2019Etat pour l\u2019exercice 2021, le pr\u00e9sident de la R\u00e9publique a fix\u00e9 le cap: sur le plan \u00e9conomique, la priorit\u00e9 du gouvernement sera \u201cd\u2019assurer l\u2019avanc\u00e9e vers l\u2019atteinte des objectifs d\u2019\u00e9mergence \u00e0 travers la transformation structurelle de l\u2019\u00e9conomie.\u201d Pour ce faire, il devra : \u201c\u00e9laborer l\u2019avant-projet [&hellip;]<\/p>\n","protected":false},"author":1969,"featured_media":0,"comment_status":"closed","ping_status":"closed","sticky":false,"template":"","format":"standard","meta":{"fifu_image_url":"","fifu_image_alt":"","footnotes":""},"categories":[82,78],"tags":[],"class_list":["post-114731","post","type-post","status-publish","format-standard","hentry","category-cameroun","category-economie"],"_links":{"self":[{"href":"https:\/\/linitiative.ca\/International\/wp-json\/wp\/v2\/posts\/114731","targetHints":{"allow":["GET"]}}],"collection":[{"href":"https:\/\/linitiative.ca\/International\/wp-json\/wp\/v2\/posts"}],"about":[{"href":"https:\/\/linitiative.ca\/International\/wp-json\/wp\/v2\/types\/post"}],"author":[{"embeddable":true,"href":"https:\/\/linitiative.ca\/International\/wp-json\/wp\/v2\/users\/1969"}],"replies":[{"embeddable":true,"href":"https:\/\/linitiative.ca\/International\/wp-json\/wp\/v2\/comments?post=114731"}],"version-history":[{"count":0,"href":"https:\/\/linitiative.ca\/International\/wp-json\/wp\/v2\/posts\/114731\/revisions"}],"wp:attachment":[{"href":"https:\/\/linitiative.ca\/International\/wp-json\/wp\/v2\/media?parent=114731"}],"wp:term":[{"taxonomy":"category","embeddable":true,"href":"https:\/\/linitiative.ca\/International\/wp-json\/wp\/v2\/categories?post=114731"},{"taxonomy":"post_tag","embeddable":true,"href":"https:\/\/linitiative.ca\/International\/wp-json\/wp\/v2\/tags?post=114731"}],"curies":[{"name":"wp","href":"https:\/\/api.w.org\/{rel}","templated":true}]}}