{"id":114733,"date":"2021-04-12T09:15:35","date_gmt":"2021-04-12T13:15:35","guid":{"rendered":"https:\/\/linitiative.ca\/International\/souss-massa-le-crt-au-chevet-de-la-vallee-du-paradis\/"},"modified":"2021-04-12T09:15:35","modified_gmt":"2021-04-12T13:15:35","slug":"souss-massa-le-crt-au-chevet-de-la-vallee-du-paradis","status":"publish","type":"post","link":"https:\/\/linitiative.ca\/International\/souss-massa-le-crt-au-chevet-de-la-vallee-du-paradis\/","title":{"rendered":"Souss-Massa : Le CRT au chevet de la vall\u00e9e  du Paradis"},"content":{"rendered":"<figure class=\"post-thumbnail\" itemprop=\"associatedMedia\" itemscope=\"itemscope\" itemtype=\"http:\/\/schema.org\/ImageObject\"><img decoding=\"async\" class=\"post_layout_5_img\" src=\"https:\/\/aujourdhui.ma\/wp-content\/uploads\/2021\/04\/Souss-Massa-Le-CRT-au-chevet-de-la-vallee-du-Paradis.jpg\" alt=\"Souss-Massa : Le CRT au chevet de la vall\u00e9e du Paradis\"\/><\/figure>\n<p><span class=\"c5\"><strong>Le Conseil r\u00e9gional du Tourisme d\u2019Agadir Souss-Massa (CRT) a organis\u00e9, samedi dernier une action de collecte des d\u00e9chets dans \u00abla vall\u00e9e du Paradis\u00bb, qui conna\u00eet ces derniers temps une grande affluence de visiteurs gadiris.<\/strong><\/span><span id=\"more-373559\"\/><\/p>\n<p>En pr\u00e9paration de la prochaine saison touristique, et sous le th\u00e8me \u00abPour que cette vall\u00e9e reste un paradis\u00bb, le conseil r\u00e9gional du tourisme d\u2019Agadir Souss-Massa a lanc\u00e9 une action de nettoyage de la vall\u00e9e du paradis en partenariat avec la wilaya d\u2019Agadir Idaoutanane, le conseil r\u00e9gional Souss-Massa, la commune d\u2019Aqesri, et la direction provinciale de l\u2019\u00e9ducation et de la formation professionnelle d\u2019Agadir Idaoutanane. Cette initiative qui s\u2019inscrit dans le cadre de la pr\u00e9servation des sites touristiques de la r\u00e9gion Souss-Massa concerne particuli\u00e8rement la vall\u00e9e du Paradis dans la commune d\u2019Aqesri, consid\u00e9r\u00e9e comme l\u2019un des plus beaux sites naturels au Maroc, connu pour sa biodiversit\u00e9 et ses bassins naturels creus\u00e9s dans la roche.<\/p>\n<p>L\u2019action men\u00e9e en partenariat avec l\u2019Association Surfrider Foundation Maroc qui \u0153uvre pour la protection du littoral, a connu la participation des b\u00e9n\u00e9voles de l\u2019association ainsi que les \u00e9l\u00e8ves du lyc\u00e9e d\u2019Aourir, le but \u00e9tant de sensibiliser, ces derniers, la population locale et les visiteurs au respect de l\u2019environnement et rendre son \u00e9clat \u00e0 un site naturel bien connu des habitants de la r\u00e9gion d\u2019Agadir. Selon Surfrider, \u00abdepuis quelques ann\u00e9es, ce lieu conna\u00eet une m\u00e9diatisation importante et une augmentation du nombre de touristes. Le probl\u00e8me c\u2019est qu\u2019une grande partie de ces touristes ne respecte pas le site et jettent ou laisse ses d\u00e9chets sur place apr\u00e8s avoir camp\u00e9 et mang\u00e9 pendant plusieurs jours.. Des milliers de tonnes de canettes, conserves, sodas en bouteille plastique, tajines, les bouteilles d\u2019alcool, g\u00e2teaux, et toutes les sortes de d\u00e9tritus se retrouvent dans la nature contaminant les \u00e9cosyst\u00e8mes locaux et pr\u00eats \u00e0 rejoindre les nappes phr\u00e9atiques et l\u2019oc\u00e9an aux prochaines pluies\u00bb.<\/p>\n<p>Situ\u00e9 \u00e0 26 km au nord-est d\u2019Agadir, sur la route d\u2019Imouzzer, la c\u00e9l\u00e8bre vall\u00e9e du Paradis fait ravir ses visiteurs avec ses merveilleux paysages, sa nature vierge, sublime et authentique. Au fur et \u00e0 mesure de l\u2019incursion du touriste dans la vall\u00e9e, son enchantement bat son comble et \u00e9volue le long de l\u2019oued, \u00e0 travers une v\u00e9g\u00e9tation luxuriante, entre arganiers, palmiers, amandiers, oliviers, caroubiers, thym sauvage, cactus. La nature prend le droit \u00e0 la parole, on y entend le ruiss\u00e8lement de l\u2019eau, le chant des oiseaux et le bourdonnement des abeilles. Comme une \u0153uvre d\u2019art, au fond de la vall\u00e9e, l\u2019\u00e9rosion a merveilleusement fa\u00e7onn\u00e9 les grands massifs de calcaires pour donner lieu \u00e0 de multiples piscines sauvages aux eaux claires-azur, entour\u00e9es de terrassements adroits.<\/p>\n<p>Auteur: Mohamed Laabid<br \/>\n<a href=\"https:\/\/aujourdhui.ma\/economie\/souss-massa-le-crt-au-chevet-de-la-vallee-du-paradis\">Cliquez ici pour lire l&rsquo;article depuis sa source.<\/a><\/p>\n","protected":false},"excerpt":{"rendered":"<p>Le Conseil r\u00e9gional du Tourisme d\u2019Agadir Souss-Massa (CRT) a organis\u00e9, samedi dernier une action de collecte des d\u00e9chets dans \u00abla vall\u00e9e du Paradis\u00bb, qui conna\u00eet ces derniers temps une grande affluence de visiteurs gadiris. En pr\u00e9paration de la prochaine saison touristique, et sous le th\u00e8me \u00abPour que cette vall\u00e9e reste un paradis\u00bb, le conseil r\u00e9gional [&hellip;]<\/p>\n","protected":false},"author":1759,"featured_media":0,"comment_status":"closed","ping_status":"closed","sticky":false,"template":"","format":"standard","meta":{"fifu_image_url":"https:\/\/aujourdhui.ma\/wp-content\/uploads\/2021\/04\/Souss-Massa-Le-CRT-au-chevet-de-la-vallee-du-Paradis.jpg","fifu_image_alt":"Souss-Massa : Le CRT au chevet de la vall\u00e9e  du Paradis","footnotes":""},"categories":[73,54],"tags":[],"class_list":["post-114733","post","type-post","status-publish","format-standard","hentry","category-actualite","category-maroc"],"_links":{"self":[{"href":"https:\/\/linitiative.ca\/International\/wp-json\/wp\/v2\/posts\/114733","targetHints":{"allow":["GET"]}}],"collection":[{"href":"https:\/\/linitiative.ca\/International\/wp-json\/wp\/v2\/posts"}],"about":[{"href":"https:\/\/linitiative.ca\/International\/wp-json\/wp\/v2\/types\/post"}],"author":[{"embeddable":true,"href":"https:\/\/linitiative.ca\/International\/wp-json\/wp\/v2\/users\/1759"}],"replies":[{"embeddable":true,"href":"https:\/\/linitiative.ca\/International\/wp-json\/wp\/v2\/comments?post=114733"}],"version-history":[{"count":0,"href":"https:\/\/linitiative.ca\/International\/wp-json\/wp\/v2\/posts\/114733\/revisions"}],"wp:attachment":[{"href":"https:\/\/linitiative.ca\/International\/wp-json\/wp\/v2\/media?parent=114733"}],"wp:term":[{"taxonomy":"category","embeddable":true,"href":"https:\/\/linitiative.ca\/International\/wp-json\/wp\/v2\/categories?post=114733"},{"taxonomy":"post_tag","embeddable":true,"href":"https:\/\/linitiative.ca\/International\/wp-json\/wp\/v2\/tags?post=114733"}],"curies":[{"name":"wp","href":"https:\/\/api.w.org\/{rel}","templated":true}]}}