{"id":114734,"date":"2021-04-12T10:15:29","date_gmt":"2021-04-12T14:15:29","guid":{"rendered":"https:\/\/linitiative.ca\/International\/izdihar-un-dispositif-pour-booster-les-tpme-de-la-region\/"},"modified":"2021-04-12T10:15:29","modified_gmt":"2021-04-12T14:15:29","slug":"izdihar-un-dispositif-pour-booster-les-tpme-de-la-region","status":"publish","type":"post","link":"https:\/\/linitiative.ca\/International\/izdihar-un-dispositif-pour-booster-les-tpme-de-la-region\/","title":{"rendered":"Izdihar, un dispositif pour booster les TPME de la r\u00e9gion"},"content":{"rendered":"<figure class=\"post-thumbnail\" itemprop=\"associatedMedia\" itemscope=\"itemscope\" itemtype=\"http:\/\/schema.org\/ImageObject\"><img decoding=\"async\" class=\"post_layout_5_img\" src=\"http:\/\/aujourdhui.ma\/wp-content\/uploads\/2021\/04\/Izdihar-1.jpg\" alt=\"Izdihar, un dispositif pour booster les TPME de la r\u00e9gion\"\/><\/figure>\n<p><span class=\"c5\"><strong>Accompagnement des entrepreneurs de Beni Mellal-Kh\u00e9nifra<\/strong><\/span><span id=\"more-373568\"\/><\/p>\n<p>Izdihar, telle est l\u2019appellation attribu\u00e9e au programme int\u00e9gr\u00e9 d\u2019accompagnement des TPME initi\u00e9 par le Conseil Beni Mellal-Kh\u00e9nifra. Ce dispositif lanc\u00e9 le 8 avril vise \u00e0 f\u00e9d\u00e9rer les principaux acteurs en charge de l\u2019accompagnement des entrepreneurs dans la r\u00e9gion. Le but \u00e9tant de dispenser une offre d\u2019accompagnement claire, coh\u00e9rente, compl\u00e8te et \u00e0 forte valeur ajout\u00e9e pour les entrepreneurs et les TPME de la r\u00e9gion. Pour b\u00e9n\u00e9ficier de ce programme, les candidats doivent s\u2019inscrire \u00e0 une plate-forme digitale d\u00e9di\u00e9e, qui permettra d\u2019orchestrer le parcours d\u2019accompagnement en fonction du domaine de comp\u00e9tence de chaque intervenant \u00ab izdihar.coeurdumaroc.ma\u00bb.<\/p>\n<p>\u00abNous souhaitons \u00e0 travers cette plateforme avoir plus de visibilit\u00e9 sur les besoins des entrepreneurs, le parcours de chaque candidat et les r\u00e9sultats de l\u2019accompagnement\u00bb, pr\u00e9cise Mohamed Amine Bekkali, directeur du CRI B\u00e9ni Mellal-Kh\u00e9nifra. Et d\u2019ajouter \u00abque la plateforme permettra de g\u00e9n\u00e9rer les rapports et les indicateurs n\u00e9cessaires pour \u00e9valuer et analyser les r\u00e9sultats de notre dispositif, et d\u2019apporter les ajustements n\u00e9cessaires afin d\u2019am\u00e9liorer l\u2019efficacit\u00e9 du programme\u00bb. Le programme sera d\u00e9ploy\u00e9 en mobilisant 22 conseillers en cr\u00e9ation d\u2019entreprises et plus de 30 formateurs permanents, et qui interviendront selon un parcours d\u2019accompagnement qui sera con\u00e7u par le CRI et ses partenaires en fonction du besoin sp\u00e9cifique de chaque entrepreneur.<br \/>Le programme se compose de cinq principales d\u00e9clinaisons, touchant l\u2019ensemble des aspects du cycle de vie de l\u2019entreprise.<\/p>\n<p>On cite en premier Izdihar Hiss Al Moukawal, dont la finalit\u00e9 principale est la stimulation de l\u2019esprit entrepreneurial \u00e0 la fois chez les entrepreneurs potentiels et les \u00e9tudiants ainsi que les \u00e9l\u00e8ves des coll\u00e8ges et des lyc\u00e9es de la r\u00e9gion. Une d\u00e9marche qui leur permettra d\u2019inculquer la culture de l\u2019entreprise chez les \u00e9l\u00e8ves d\u00e8s le jeune \u00e2ge. Pour sa part Izdihar Al Moukawil constitue le c\u0153ur du programme. Il a pour objectif d\u2019accompagner les entrepreneurs au montage et \u00e0 la concr\u00e9tisation de leurs projets \u00e0 travers une offre compl\u00e8te. Elle inclue en effet le renforcement des capacit\u00e9s des entrepreneurs et leur accompagnement individualis\u00e9 pour la mise au point de leurs business mod\u00e8les, l\u2019\u00e9laboration de leurs \u00e9tudes de projets, l\u2019accomplissement des formalit\u00e9s de cr\u00e9ation de leurs entreprises, la mobilisation du foncier et du financement n\u00e9cessaires, l\u2019obtention des autorisations et l\u2019appui pour la conception architecturale de leurs projets.<\/p>\n<p>Ces entreprises seront suivies pour leur p\u00e9rennisation par le programme Izdihar P\u00e9rennit\u00e9. Le programme Izdihar Startup, quant \u00e0 lui, vise l\u2019appui des entreprises innovantes au moment o\u00f9 le programme Izdihar PME sera d\u00e9ploy\u00e9 pour les entreprises r\u00e9gionales \u00e0 fort potentiel de croissance, afin de renforcer leurs capacit\u00e9s d\u2019expansion aux niveaux national et international. Le programme r\u00e9gional int\u00e9gr\u00e9 d\u2019accompagnement des TPME Izdihar, avec ses quatre composantes principales, ambitionne d\u2019assurer l\u2019accompagnement de plus de 2.000 entrepreneurs par ann\u00e9e, r\u00e9partis sur toutes les provinces de la r\u00e9gion et op\u00e9rant dans les diff\u00e9rents secteurs d\u2019activit\u00e9.<\/p>\n<div class=\"base-box mom_box_sc_custom mom_box_sc clear c7\" readability=\"20\">\n<p><span class=\"c6\">Des conventions ratifi\u00e9es avec les diff\u00e9rents acteurs de l\u2019\u00e9cosyst\u00e8me entrepreneurial<\/span><\/p>\n<p>La c\u00e9r\u00e9monie de lancement de ce dispositif a \u00e9t\u00e9 marqu\u00e9e par la signature d\u2019une convention cadre de partenariat regroupant les acteurs de l\u2019\u00e9cosyst\u00e8me d\u2019accompagnement au niveau de la r\u00e9gion, notamment le CRI, l\u2019Anapec, la CGEM, l\u2019OFPPT, l\u2019Universit\u00e9 Sultan Moulay Slimane, les chambres professionnelles et la coordination r\u00e9gionale de l\u2019INDH. Le CRI a \u00e9galement sign\u00e9 des conventions cadre de partenariat avec plusieurs acteurs, notamment avec la CGEM pour la promotion de l\u2019attractivit\u00e9 de la r\u00e9gion, avec l\u2019association Enactus pour l\u2019accompagnement des Start-up et avec l\u2019\u00e9cole 1337 pour l\u2019encouragement de l\u2019entrepreneuriat dans le domaine des NTIC et de la programmation.<\/p>\n<\/div>\n<p>Auteur: Kawtar Tali<br \/>\n<a href=\"https:\/\/aujourdhui.ma\/economie\/izdihar-un-dispositif-pour-booster-les-tpme-de-la-region\">Cliquez ici pour lire l&rsquo;article depuis sa source.<\/a><\/p>\n","protected":false},"excerpt":{"rendered":"<p>Accompagnement des entrepreneurs de Beni Mellal-Kh\u00e9nifra Izdihar, telle est l\u2019appellation attribu\u00e9e au programme int\u00e9gr\u00e9 d\u2019accompagnement des TPME initi\u00e9 par le Conseil Beni Mellal-Kh\u00e9nifra. Ce dispositif lanc\u00e9 le 8 avril vise \u00e0 f\u00e9d\u00e9rer les principaux acteurs en charge de l\u2019accompagnement des entrepreneurs dans la r\u00e9gion. Le but \u00e9tant de dispenser une offre d\u2019accompagnement claire, coh\u00e9rente, compl\u00e8te [&hellip;]<\/p>\n","protected":false},"author":1759,"featured_media":0,"comment_status":"closed","ping_status":"closed","sticky":false,"template":"","format":"standard","meta":{"fifu_image_url":"http:\/\/aujourdhui.ma\/wp-content\/uploads\/2021\/04\/Izdihar-1.jpg","fifu_image_alt":"Izdihar, un dispositif pour booster les TPME de la r\u00e9gion","footnotes":""},"categories":[73,54],"tags":[],"class_list":["post-114734","post","type-post","status-publish","format-standard","hentry","category-actualite","category-maroc"],"_links":{"self":[{"href":"https:\/\/linitiative.ca\/International\/wp-json\/wp\/v2\/posts\/114734","targetHints":{"allow":["GET"]}}],"collection":[{"href":"https:\/\/linitiative.ca\/International\/wp-json\/wp\/v2\/posts"}],"about":[{"href":"https:\/\/linitiative.ca\/International\/wp-json\/wp\/v2\/types\/post"}],"author":[{"embeddable":true,"href":"https:\/\/linitiative.ca\/International\/wp-json\/wp\/v2\/users\/1759"}],"replies":[{"embeddable":true,"href":"https:\/\/linitiative.ca\/International\/wp-json\/wp\/v2\/comments?post=114734"}],"version-history":[{"count":0,"href":"https:\/\/linitiative.ca\/International\/wp-json\/wp\/v2\/posts\/114734\/revisions"}],"wp:attachment":[{"href":"https:\/\/linitiative.ca\/International\/wp-json\/wp\/v2\/media?parent=114734"}],"wp:term":[{"taxonomy":"category","embeddable":true,"href":"https:\/\/linitiative.ca\/International\/wp-json\/wp\/v2\/categories?post=114734"},{"taxonomy":"post_tag","embeddable":true,"href":"https:\/\/linitiative.ca\/International\/wp-json\/wp\/v2\/tags?post=114734"}],"curies":[{"name":"wp","href":"https:\/\/api.w.org\/{rel}","templated":true}]}}