{"id":114735,"date":"2021-04-12T11:20:16","date_gmt":"2021-04-12T15:20:16","guid":{"rendered":"https:\/\/linitiative.ca\/International\/zephyr-mazagan-un-resort-spa-au-service-de-la-famille-de-lenseignement-a-el-jadida\/"},"modified":"2021-04-12T11:20:16","modified_gmt":"2021-04-12T15:20:16","slug":"zephyr-mazagan-un-resort-spa-au-service-de-la-famille-de-lenseignement-a-el-jadida","status":"publish","type":"post","link":"https:\/\/linitiative.ca\/International\/zephyr-mazagan-un-resort-spa-au-service-de-la-famille-de-lenseignement-a-el-jadida\/","title":{"rendered":"Zephyr Mazagan, un Resort &amp; Spa au service  de la famille de l\u2019enseignement \u00e0 El Jadida"},"content":{"rendered":"<figure class=\"post-thumbnail\" itemprop=\"associatedMedia\" itemscope=\"itemscope\" itemtype=\"http:\/\/schema.org\/ImageObject\"><img decoding=\"async\" class=\"post_layout_5_img\" src=\"http:\/\/aujourdhui.ma\/wp-content\/uploads\/2021\/04\/Inauguration-officielle-Zephyr-Mazagan.jpg\" alt=\"Zephyr Mazagan, un Resort &amp; Spa au service de la famille de l\u2019enseignement \u00e0 El Jadida\"\/><\/figure>\n<p><span class=\"c5\"><strong>Il abrite un h\u00f4tel de haut standing, 62 appart-h\u00f4tels, 5 piscines, une aire de jeux pour enfants\u2026<\/strong><\/span><span id=\"more-373573\"\/><\/p>\n<p>La Fondation Mohammed VI de promotion des \u0153uvres sociales de l\u2019\u00e9ducation-Formation a ouvert samedi \u00e0 El Jadida le deuxi\u00e8me Resort &amp; Spa Z\u00e9phyr Mazagan destin\u00e9 \u00e0 la famille de l\u2019enseignement.<br \/>Z\u00e9phyr Mazagan a \u00e9t\u00e9 inaugur\u00e9 par le ministre de l\u2019Education nationale, de la formation professionnelle, de l\u2019enseignement sup\u00e9rieur et de la recherche scientifique, Saa\u00efd Amzazi, qui \u00e9tait accompagn\u00e9 du pr\u00e9sident de la Fondation Mohammed VI de promotion des \u0153uvres sociales de l\u2019\u00e9ducation-Formation, Youssef El Bakkali, du ministre d\u00e9l\u00e9gu\u00e9 charg\u00e9 de l\u2019enseignement sup\u00e9rieur et de la recherche scientifique, Driss Ouaouicha et du gouverneur de la province d\u2019El Jadida Mohamed El Guerrouj.<\/p>\n<div class=\"mom_images_grid mom_images_3_cols\">\n<ul class=\"galleryslider\">\n<li class=\"first\"><a href=\"https:\/\/aujourdhui.ma\/wp-content\/uploads\/2021\/04\/3-Inauguration-officielle-Zephyr-Mazagan-.jpg\" data-title=\"\" title=\"3--Inauguration-officielle-Zephyr-Mazagan-\"><img decoding=\"async\" alt=\"3--Inauguration-officielle-Zephyr-Mazagan-\" src=\"http:\/\/aujourdhui.ma\/wp-content\/uploads\/2021\/04\/3-Inauguration-officielle-Zephyr-Mazagan--746x380.jpg\"\/><\/a><\/li>\n<li class=\"\"><a href=\"https:\/\/aujourdhui.ma\/wp-content\/uploads\/2021\/04\/2-Inauguration-officielle-Zephyr-Mazagan.jpg\" data-title=\"\" title=\"2--Inauguration-officielle-Zephyr-Mazagan\"><img decoding=\"async\" alt=\"2--Inauguration-officielle-Zephyr-Mazagan\" src=\"http:\/\/aujourdhui.ma\/wp-content\/uploads\/2021\/04\/2-Inauguration-officielle-Zephyr-Mazagan-746x380.jpg\"\/><\/a><\/li>\n<\/ul>\n<\/div>\n<p>Des repr\u00e9sentants des secteurs de l\u2019\u00e9ducation nationale et de l\u2019enseignement sup\u00e9rieur ont \u00e9galement pris part \u00e0 cet \u00e9v\u00e9nement.<br \/>Etendu sur une superficie de 3 hectares, Zephyr Mazagan jouit d\u2019un emplacement id\u00e9al en bord de mer et \u00e0 proximit\u00e9 d\u2019un domaine forestier.<br \/>Il abrite un h\u00f4tel de haut standing compos\u00e9 de 52 chambres et suites, 62 appart-h\u00f4tels spacieux et confortables dont la superficie varie entre 75 et 90m2, ainsi que de nombreux espaces de d\u00e9tente et de loisirs notamment un spa, 5 piscines, une aire de jeux pour enfants. Il comprend \u00e9galement une salle de f\u00eate et un business center \u00e9quip\u00e9 de trois salles polyvalentes ainsi qu\u2019un club socio-sportif d\u2019une superficie globale de 2000 m2. Zephyr Mazagan commencera \u00e0 accueillir les adh\u00e9rents de la Fondation d\u00e8s le 15 avril, en assurant un h\u00e9bergement haut standing \u00e0 des tarifs pr\u00e9f\u00e9rentiels. Il est r\u00e9serv\u00e9 en priorit\u00e9 au personnel de l\u2019Education-Formation pendant les vacances scolaires et peut \u00e9galement \u00eatre ouvert aux externes selon les disponibilit\u00e9s.<\/p>\n<p>Dans une d\u00e9claration \u00e0 la presse, M. Amzazi a soulign\u00e9 que cette structure est conforme aux plus hauts standards de qualit\u00e9 et ce, dans le cadre de la promotion des \u0153uvres sociales de la famille de l\u2019enseignement, conform\u00e9ment aux Hautes orientations de Sa Majest\u00e9 le Roi Mohammed VI, qui accorde une attention particuli\u00e8re \u00e0 la famille de l\u2019enseignement.<br \/>Cette structure est destin\u00e9e \u00e0 motiver le personnel de l\u2019enseignement afin d\u2019am\u00e9liorer son rendement, eu \u00e9gard \u00e0 ses actions au service du syst\u00e8me de l\u2019\u00e9ducation et de la formation.<br \/>Le ministre a, en outre, soulign\u00e9 que la Fondation Mohammed VI pour la promotion des \u0153uvres sociales de l\u2019\u00e9ducation-formation, assure, parall\u00e8lement \u00e0 la cr\u00e9ation de ces resorts, d\u2019autres services \u00e0 caract\u00e8re social et sanitaire, notant que \u00ab c\u2019est le moins que l\u2019on puisse offrir \u00e0 la famille de l\u2019\u00e9ducation et de la formation, vu qu\u2019elle est au c\u0153ur du syst\u00e8me de l\u2019\u00e9ducation et de la formation\u00bb.<\/p>\n<div class=\"mom_images_grid mom_images_3_cols\">\n<ul class=\"galleryslider\">\n<li class=\"first\"><a href=\"https:\/\/aujourdhui.ma\/wp-content\/uploads\/2021\/04\/4-Inauguration-officielle-Zephyr-Mazagan.jpg\" data-title=\"\" title=\"4--Inauguration-officielle-Zephyr-Mazagan\"><img decoding=\"async\" alt=\"4--Inauguration-officielle-Zephyr-Mazagan\" src=\"http:\/\/aujourdhui.ma\/wp-content\/uploads\/2021\/04\/4-Inauguration-officielle-Zephyr-Mazagan-746x380.jpg\"\/><\/a><\/li>\n<\/ul>\n<\/div>\n<p>Pour sa part, Youssef El Bakkali a mis l\u2019accent sur l\u2019importance de ce Resort, soulignant qu\u2019il s\u2019agit du deuxi\u00e8me projet de tourisme de luxe que la Fondation met \u00e0 la disposition de ses adh\u00e9rents apr\u00e8s le lancement du complexe touristique (Zephyr Targa) \u00e0 Marrakech fin 2017.<br \/>Il a ajout\u00e9 que cette structure est r\u00e9serv\u00e9e en priorit\u00e9 au personnel de l\u2019\u00e9ducation-formation et a \u00e9t\u00e9 cr\u00e9\u00e9e au service du tourisme national et \u00e9tranger, en assurant un h\u00e9bergement haut standing \u00e0 des tarifs pr\u00e9f\u00e9rentiels.<\/p>\n<p>Auteur: ALM<br \/>\n<a href=\"https:\/\/aujourdhui.ma\/societe\/zephyr-mazagan-un-resort-spa-au-service-de-la-famille-de-lenseignement-a-el-jadida\">Cliquez ici pour lire l&rsquo;article depuis sa source.<\/a><\/p>\n","protected":false},"excerpt":{"rendered":"<p>Il abrite un h\u00f4tel de haut standing, 62 appart-h\u00f4tels, 5 piscines, une aire de jeux pour enfants\u2026 La Fondation Mohammed VI de promotion des \u0153uvres sociales de l\u2019\u00e9ducation-Formation a ouvert samedi \u00e0 El Jadida le deuxi\u00e8me Resort &amp; Spa Z\u00e9phyr Mazagan destin\u00e9 \u00e0 la famille de l\u2019enseignement.Z\u00e9phyr Mazagan a \u00e9t\u00e9 inaugur\u00e9 par le ministre de [&hellip;]<\/p>\n","protected":false},"author":1759,"featured_media":0,"comment_status":"closed","ping_status":"closed","sticky":false,"template":"","format":"standard","meta":{"fifu_image_url":"http:\/\/aujourdhui.ma\/wp-content\/uploads\/2021\/04\/Inauguration-officielle-Zephyr-Mazagan.jpg","fifu_image_alt":"<div>Zephyr Mazagan, un Resort & Spa au service  de la famille de l\u2019enseignement \u00e0 El Jadida<\/div>","footnotes":""},"categories":[73,54],"tags":[],"class_list":["post-114735","post","type-post","status-publish","format-standard","hentry","category-actualite","category-maroc"],"_links":{"self":[{"href":"https:\/\/linitiative.ca\/International\/wp-json\/wp\/v2\/posts\/114735","targetHints":{"allow":["GET"]}}],"collection":[{"href":"https:\/\/linitiative.ca\/International\/wp-json\/wp\/v2\/posts"}],"about":[{"href":"https:\/\/linitiative.ca\/International\/wp-json\/wp\/v2\/types\/post"}],"author":[{"embeddable":true,"href":"https:\/\/linitiative.ca\/International\/wp-json\/wp\/v2\/users\/1759"}],"replies":[{"embeddable":true,"href":"https:\/\/linitiative.ca\/International\/wp-json\/wp\/v2\/comments?post=114735"}],"version-history":[{"count":0,"href":"https:\/\/linitiative.ca\/International\/wp-json\/wp\/v2\/posts\/114735\/revisions"}],"wp:attachment":[{"href":"https:\/\/linitiative.ca\/International\/wp-json\/wp\/v2\/media?parent=114735"}],"wp:term":[{"taxonomy":"category","embeddable":true,"href":"https:\/\/linitiative.ca\/International\/wp-json\/wp\/v2\/categories?post=114735"},{"taxonomy":"post_tag","embeddable":true,"href":"https:\/\/linitiative.ca\/International\/wp-json\/wp\/v2\/tags?post=114735"}],"curies":[{"name":"wp","href":"https:\/\/api.w.org\/{rel}","templated":true}]}}