{"id":114738,"date":"2021-04-11T14:00:57","date_gmt":"2021-04-11T18:00:57","guid":{"rendered":"https:\/\/linitiative.ca\/International\/rachid-sabahi-reconduit-a-la-presidence\/"},"modified":"2021-04-11T14:00:57","modified_gmt":"2021-04-11T18:00:57","slug":"rachid-sabahi-reconduit-a-la-presidence","status":"publish","type":"post","link":"https:\/\/linitiative.ca\/International\/rachid-sabahi-reconduit-a-la-presidence\/","title":{"rendered":"Rachid Sabahi reconduit \u00e0 la pr\u00e9sidence"},"content":{"rendered":"<p class=\"has-text-color has-vivid-red-color c1\"><strong>Club de la presse du Maroc<\/strong><\/p>\n<p class=\"has-text-color c2\"><strong>Le pr\u00e9sident du Club de la presse du Maroc, Rachid Sabahi a \u00e9t\u00e9 reconduit \u00e0 ce poste, apr\u00e8s avoir obtenu le soutien de 13 membres du bureau ex\u00e9cutif, contre 6 pour Mme Malika Hatim, lors des travaux de l\u2019assembl\u00e9e g\u00e9n\u00e9rale ordinaire du Club, tenue samedi \u00e0 son si\u00e8ge \u00e0 Rabat. Les travaux de l\u2019AGO ont \u00e9t\u00e9 marqu\u00e9s \u00e9galement par l\u2019approbation des rapports moral et financier, et l\u2019\u00e9lection des membres des conseils administratif et ex\u00e9cutif du Club.<\/strong><\/p>\n<p>Le rapport moral pr\u00e9sent\u00e9 au cours de l\u2019assembl\u00e9e g\u00e9n\u00e9rale a fait \u00e9tat de l\u2019organisation par le Club de plusieurs activit\u00e9s journalistiques et m\u00e9diatiques, malgr\u00e9 les conditions internes et externes ayant entrav\u00e9 le d\u00e9roulement normal de ses activit\u00e9s. Le document rappelle aussi la conclusion de partenariats avec plusieurs institutions m\u00e9diatiques, artistiques, culturelles et des droits de l\u2019Homme, ainsi qu\u2019avec des institutions culturelles \u00e9trang\u00e8res accr\u00e9dit\u00e9es au Maroc.<\/p>\n<p>Le bureau ex\u00e9cutif a organis\u00e9, entre 2017 et 2019, plusieurs rencontres de formation sur le journalisme et les genres journalistiques, outre des rencontres et formations au profit de groupes de th\u00e9\u00e2tre, indique le rapport. Il a aussi tenu des s\u00e9ances de signatures de plusieurs nouvelles publications, et organis\u00e9 des conf\u00e9rences au sujet des m\u00e9dias audio-visuelles et \u00e9lectroniques, de la chanson marocaine et des arts plastiques.<\/p>\n<p>S\u2019exprimant lors de l\u2019assembl\u00e9e g\u00e9n\u00e9rale, M. Sabahi a affirm\u00e9 que cette organisation professionnelle, consid\u00e9r\u00e9e comme un espace de communication, de d\u00e9bat public et d\u2019\u00e9change d\u2019exp\u00e9riences entre les journalistes, puise sa force dans les objectifs pour lesquels elle a \u00e9t\u00e9 fond\u00e9e, rappelant que le Club a \u00e9t\u00e9 cr\u00e9\u00e9 par la volont\u00e9 d\u2019une pl\u00e9iade de grands journalistes professionnels reconnus pour leur comp\u00e9tence et leur cr\u00e9dibilit\u00e9.<\/p>\n<p>Le Club de la presse du Maroc aspire \u00e0 lancer une nouvelle \u00e9tape apr\u00e8s le renouvellement de ses instances, et ce afin de revigorer cette organisation, et redonner de l\u2019\u00e9clat \u00e0 son rayonnement par le biais de nouveaux programmes et id\u00e9es, et en surmontant les pr\u00e9c\u00e9dentes difficult\u00e9s, afin d\u2019aller de l\u2019avant avec enthousiasme et s\u00e9rieux et faire du Club une plateforme de d\u00e9bat, dans le respect du m\u00e9tier et ses principes.<\/p>\n<p>Le Club est une association ind\u00e9pendante de toute partie gouvernementale, partisane ou syndicale et de toute autre institution m\u00e9diatique. Il veille au d\u00e9veloppement du journalisme et des m\u00e9dias au Maroc, \u00e0 travers la formation et le suivi des d\u00e9veloppements technologiques et professionnelles dans le domaine des m\u00e9dias.<\/p>\n<p>Auteur: M&rsquo;hammed rahal<br \/>\n<a href=\"http:\/\/albayane.press.ma\/rachid-sabahi-reconduit-a-la-presidence.html\">Cliquez ici pour lire l&rsquo;article depuis sa source.<\/a><\/p>\n","protected":false},"excerpt":{"rendered":"<p>Club de la presse du Maroc Le pr\u00e9sident du Club de la presse du Maroc, Rachid Sabahi a \u00e9t\u00e9 reconduit \u00e0 ce poste, apr\u00e8s avoir obtenu le soutien de 13 membres du bureau ex\u00e9cutif, contre 6 pour Mme Malika Hatim, lors des travaux de l\u2019assembl\u00e9e g\u00e9n\u00e9rale ordinaire du Club, tenue samedi \u00e0 son si\u00e8ge \u00e0 [&hellip;]<\/p>\n","protected":false},"author":1760,"featured_media":0,"comment_status":"closed","ping_status":"closed","sticky":false,"template":"","format":"standard","meta":{"fifu_image_url":"","fifu_image_alt":"","footnotes":""},"categories":[73,54],"tags":[],"class_list":["post-114738","post","type-post","status-publish","format-standard","hentry","category-actualite","category-maroc"],"_links":{"self":[{"href":"https:\/\/linitiative.ca\/International\/wp-json\/wp\/v2\/posts\/114738","targetHints":{"allow":["GET"]}}],"collection":[{"href":"https:\/\/linitiative.ca\/International\/wp-json\/wp\/v2\/posts"}],"about":[{"href":"https:\/\/linitiative.ca\/International\/wp-json\/wp\/v2\/types\/post"}],"author":[{"embeddable":true,"href":"https:\/\/linitiative.ca\/International\/wp-json\/wp\/v2\/users\/1760"}],"replies":[{"embeddable":true,"href":"https:\/\/linitiative.ca\/International\/wp-json\/wp\/v2\/comments?post=114738"}],"version-history":[{"count":0,"href":"https:\/\/linitiative.ca\/International\/wp-json\/wp\/v2\/posts\/114738\/revisions"}],"wp:attachment":[{"href":"https:\/\/linitiative.ca\/International\/wp-json\/wp\/v2\/media?parent=114738"}],"wp:term":[{"taxonomy":"category","embeddable":true,"href":"https:\/\/linitiative.ca\/International\/wp-json\/wp\/v2\/categories?post=114738"},{"taxonomy":"post_tag","embeddable":true,"href":"https:\/\/linitiative.ca\/International\/wp-json\/wp\/v2\/tags?post=114738"}],"curies":[{"name":"wp","href":"https:\/\/api.w.org\/{rel}","templated":true}]}}