{"id":114741,"date":"2021-04-12T06:35:32","date_gmt":"2021-04-12T10:35:32","guid":{"rendered":"https:\/\/linitiative.ca\/International\/nadir-yata-incarnait-une-formidable-force-militante\/"},"modified":"2021-04-12T06:35:32","modified_gmt":"2021-04-12T10:35:32","slug":"nadir-yata-incarnait-une-formidable-force-militante","status":"publish","type":"post","link":"https:\/\/linitiative.ca\/International\/nadir-yata-incarnait-une-formidable-force-militante\/","title":{"rendered":"Nadir Yata incarnait une formidable force militante"},"content":{"rendered":"<p class=\"c1\"><strong>Nabil Benabdallah<\/strong><\/p>\n<p><strong>Le regrett\u00e9 camarade Nadir Yata a laiss\u00e9 des traces et des empreintes profondes dans l\u2019histoire de la lutte du Parti du progr\u00e8s et du socialisme. A ce jour, de nombreux lecteurs, intellectuels, militantes et militants se souviennent encore de ses \u00e9crits abondants, profonds et perspicaces avec lesquels il remplissait, quasi quotidiennement, la premi\u00e8re page de \u00ab AL BAYANE \u00bb.<\/strong><\/p>\n<p>Au point que ses \u00e9crits avaient atteint un niveau d\u2019importance \u00e9lev\u00e9 et avaient un impact direct sur un certain nombre de d\u00e9cisions fondamentales et cruciales prises par notre pays dans les domaines nationaux, aussi bien politiques, \u00e9conomiques que sociaux.<\/p>\n<p>C\u2019est gr\u00e2ce \u00e0 lui que le journal Al BAYANE \u00e9tait connu, sous la vision \u00e9clair\u00e9e de son d\u00e9funt fondateur le camarade Ali Yata, et ce naturellement, dans le cadre des efforts et des d\u00e9cisions collectives de la direction du Parti. C\u2019est ainsi que le journal a connu un d\u00e9veloppement palpable dans divers milieux. Et, gr\u00e2ce \u00e0 cet apport remarquable, Nadir Yata a pu occuper une place distingu\u00e9e au sein du Parti du Progr\u00e8s et du Socialisme. Ce qui lui a conf\u00e9r\u00e9 l\u2019honneur de devenir membre du bureau politique du Parti en 1995, \u00e0 l\u2019issue du Cinqui\u00e8me Congr\u00e8s National. Soit la m\u00eame ann\u00e9e et durant les m\u00eames assises nationales au cours desquelles j\u2019ai \u00e9t\u00e9 \u00e9lu au bureau politique.<\/p>\n<p>Malheureusement, le destin avait d\u00e9cid\u00e9 qu\u2019il nous quitte \u00e0 la suite, d\u2019une part, d\u2019un accident de la circulation entre Rabat et Casablanca, et, d\u2019autre part, apr\u00e8s une maladie incurable contre laquelle aucun traitement n\u2019a \u00e9t\u00e9 utile. Et cela le 12 avril 1996, soit quelques ann\u00e9es avant que feu son p\u00e8re, notre leader Ali Yata, ne nous quitte \u00e0 son tour.<\/p>\n<p>En cette occasion, je ne manquerai pas de remonter aux ann\u00e9es soixante-dix du si\u00e8cle dernier, quand je suis arriv\u00e9 \u00e0 Paris pour poursuivre mes \u00e9tudes universitaires. C\u2019est \u00e0 ce moment-l\u00e0 que j\u2019avais fait la connaissance d\u2019un certain nombre de grands militants et de grosses pointures gr\u00e2ce auxquels j\u2019ai beaucoup appris et qui ont jou\u00e9 un r\u00f4le fondamental dans mon adh\u00e9sion au Parti du Progr\u00e8s et du Socialisme. Parmi eux, figure le camarade Nadir, paix \u00e0 son \u00e2me, qui incarnait une formidable force militante, notamment dans les rangs de l\u2019Union Nationale des Etudiants du Maroc, o\u00f9 ses analyses \u00e9taient pertinentes et sa voix \u00e9tait haute et forte dans les assembl\u00e9es g\u00e9n\u00e9rales de ce glorieux syndicat \u00e9tudiant.<\/p>\n<p>C\u2019est \u00e0 partir de ce moment que notre relation s\u2019est tiss\u00e9e et a \u00e9volu\u00e9 de mani\u00e8re notable, et ce malgr\u00e9 la diff\u00e9rence de l\u2019\u00e2ge.<\/p>\n<p>Aussi, \u00e0 mon retour de France au pays en 1985, soit sept ou six ans apr\u00e8s le retour de feu Nadir Yata, notre relation s\u2019est renforc\u00e9e et consolid\u00e9e, \u00e9tant une relation militante bas\u00e9e sur une grande harmonie dans les positions et les approches qui allaient dans le sens de la vision perspicace \u00e9labor\u00e9e par le camarade Ali Yata, et la plupart des membres de la direction nationale du parti \u00e0 l\u2019\u00e9poque, pour concr\u00e9tiser ce que nous appelions \u00ab\u00a0la strat\u00e9gie de la fid\u00e9lit\u00e9 et du renouveau\u00a0\u00bb.<\/p>\n<p>Ensemble, nous avons men\u00e9 de nombreuses batailles pour consolider l\u2019ouverture du parti sur son environnement, mais, en m\u00eame temps, pour d\u00e9fendre audacieusement la sauvegarde de l\u2019ind\u00e9pendance de d\u00e9cision du Parti, face \u00e0 quelques tentatives, op\u00e9r\u00e9es durant les ann\u00e9es 90 du si\u00e8cle dernier, dont tout le monde se souvient.<\/p>\n<p>De m\u00eame, cette relation a fait de moi l\u2019un des chanceux qui sont entr\u00e9s dans la vie de famille du camarade Nadir, paix \u00e0 son \u00e2me, et ont appris \u00e0 la conna\u00eetre.<\/p>\n<p>En cette douloureuse occasion, je renouvelle ma pri\u00e8re pour la paix de son \u00e2me et de celle de sa vertueuse \u00e9pouse Dalila, et j\u2019adresse mes salutations et mon estime \u00e0 sa fille Sawsane et \u00e0 son fils Elias.<\/p>\n<p>Auteur: M&rsquo;hammed rahal<br \/>\n<a href=\"http:\/\/albayane.press.ma\/nadir-yata-incarnait-une-formidable-force-militante.html\">Cliquez ici pour lire l&rsquo;article depuis sa source.<\/a><\/p>\n","protected":false},"excerpt":{"rendered":"<p>Nabil Benabdallah Le regrett\u00e9 camarade Nadir Yata a laiss\u00e9 des traces et des empreintes profondes dans l\u2019histoire de la lutte du Parti du progr\u00e8s et du socialisme. A ce jour, de nombreux lecteurs, intellectuels, militantes et militants se souviennent encore de ses \u00e9crits abondants, profonds et perspicaces avec lesquels il remplissait, quasi quotidiennement, la premi\u00e8re [&hellip;]<\/p>\n","protected":false},"author":1760,"featured_media":0,"comment_status":"closed","ping_status":"closed","sticky":false,"template":"","format":"standard","meta":{"fifu_image_url":"","fifu_image_alt":"","footnotes":""},"categories":[73,54],"tags":[],"class_list":["post-114741","post","type-post","status-publish","format-standard","hentry","category-actualite","category-maroc"],"_links":{"self":[{"href":"https:\/\/linitiative.ca\/International\/wp-json\/wp\/v2\/posts\/114741","targetHints":{"allow":["GET"]}}],"collection":[{"href":"https:\/\/linitiative.ca\/International\/wp-json\/wp\/v2\/posts"}],"about":[{"href":"https:\/\/linitiative.ca\/International\/wp-json\/wp\/v2\/types\/post"}],"author":[{"embeddable":true,"href":"https:\/\/linitiative.ca\/International\/wp-json\/wp\/v2\/users\/1760"}],"replies":[{"embeddable":true,"href":"https:\/\/linitiative.ca\/International\/wp-json\/wp\/v2\/comments?post=114741"}],"version-history":[{"count":0,"href":"https:\/\/linitiative.ca\/International\/wp-json\/wp\/v2\/posts\/114741\/revisions"}],"wp:attachment":[{"href":"https:\/\/linitiative.ca\/International\/wp-json\/wp\/v2\/media?parent=114741"}],"wp:term":[{"taxonomy":"category","embeddable":true,"href":"https:\/\/linitiative.ca\/International\/wp-json\/wp\/v2\/categories?post=114741"},{"taxonomy":"post_tag","embeddable":true,"href":"https:\/\/linitiative.ca\/International\/wp-json\/wp\/v2\/tags?post=114741"}],"curies":[{"name":"wp","href":"https:\/\/api.w.org\/{rel}","templated":true}]}}