{"id":114744,"date":"2021-04-12T08:15:00","date_gmt":"2021-04-12T12:15:00","guid":{"rendered":"https:\/\/linitiative.ca\/International\/des-deputes-francais-reclament-la-publication-des-donnees-sur-les-dechets-nucleaires-enterres-en-algerie\/"},"modified":"2021-04-12T08:15:00","modified_gmt":"2021-04-12T12:15:00","slug":"des-deputes-francais-reclament-la-publication-des-donnees-sur-les-dechets-nucleaires-enterres-en-algerie","status":"publish","type":"post","link":"https:\/\/linitiative.ca\/International\/des-deputes-francais-reclament-la-publication-des-donnees-sur-les-dechets-nucleaires-enterres-en-algerie\/","title":{"rendered":"Des d\u00e9put\u00e9s fran\u00e7ais r\u00e9clament la publication des donn\u00e9es sur les d\u00e9chets nucl\u00e9aires enterr\u00e9s en Alg\u00e9rie"},"content":{"rendered":"<div id=\"originalText\" readability=\"89.289558665231\">\n<p class=\"c7\">Neufs d\u00e9put\u00e9s fran\u00e7ais ont r\u00e9clam\u00e9, dans une lettre adress\u00e9e \u00e0 Macron et publi\u00e9e par <a href=\"https:\/\/www.lejdd.fr\/Politique\/tribune-il-est-temps-de-reparer-les-consequences-des-essais-nucleaires-en-algerie-4037578?fbclid=IwAR2RMfSeLjUm7PSMPvtj2sTqaJISSjrzWC1sp613aLDA85BXyAXk9wC1Pb4\"><span class=\"c6\">le Journal Du Dimanche<\/span><\/a> (le JDD), la publication des \u00ab\u00a0donn\u00e9es et les cartes des zones\u00a0\u00bb des d\u00e9chets nucl\u00e9aires enterr\u00e9s en Alg\u00e9rie.<\/p>\n<p class=\"c7\">Les d\u00e9put\u00e9s appuient leur demande avec des \u00e9tudes sur le ph\u00e9nom\u00e8ne qui s\u2019est produit en f\u00e9vrier, o\u00f9 \u00ab\u00a0le ciel d&rsquo;une large partie de la France a arbor\u00e9 une teinte orang\u00e9e cr\u00e9ant une atmosph\u00e8re particuli\u00e8re. Le sable du Sahara, port\u00e9 par les vents, est \u00e0 l&rsquo;origine de ce ph\u00e9nom\u00e8ne\u00a0\u00bb. Ainsi, ils attestent que \u00ab\u00a0selon les analyses de l&rsquo;Institut de radioprotection et de s\u00fbret\u00e9 nucl\u00e9aire, ce sable avait des teneurs en C\u00e9sium-137 (\u00e9l\u00e9ment radioactif) sup\u00e9rieures \u00e0 la moyenne, mais sans danger pour l&rsquo;\u00eatre humain\u00a0\u00bb.<\/p>\n<p class=\"c7\">Ces \u00e9lus indiquent ainsi que \u00ab\u00a0cet \u00e9pisode m\u00e9t\u00e9orologique est venu une nouvelle fois rappeler que la France a laiss\u00e9 une empreinte radioactive ind\u00e9l\u00e9bile au c\u0153ur du Sahara\u00a0\u00bb. Et de pr\u00e9ciser\u00a0: \u00ab\u00a0dix-sept explosions nucl\u00e9aires entre 1960 et 1966, atmosph\u00e9riques et souterraines, ont \u00e9t\u00e9 r\u00e9alis\u00e9es \u00e0 Reggane et In-Ekker pour tester la bombe atomique fran\u00e7aise. En 2021, les connaissances sur ces essais, sur les accidents (B\u00e9ryl, Am\u00e9thyste, Rubis, Jade) et leurs cons\u00e9quences sont nombreuses\u00a0\u00bb.<\/p>\n<p class=\"c7\">Cette lettre a \u00e9t\u00e9 sign\u00e9e par\u00a0: Moetai Brotherson, d\u00e9put\u00e9 du Groupe de la Gauche d\u00e9mocrate et r\u00e9publicaine (GDR) de Polyn\u00e9sie fran\u00e7aise\u00a0; Fran\u00e7ois-Michel Lambert, d\u00e9put\u00e9 \u00a0du Groupe Libert\u00e9s et territoires( LT) des Bouches-du-Rh\u00f4ne\u00a0; Jean-Paul Lecoq, d\u00e9put\u00e9 (GDR) de Seine-Maritime\u00a0; Paul Molac, d\u00e9put\u00e9 (LT) du Morbihan\u00a0; S\u00e9bastien Nadot, d\u00e9put\u00e9 (LT) de Haute-Garonne\u00a0; Mathilde Panot, d\u00e9put\u00e9e du Groupe La France insoumise (LFI) du Val-de-Marne\u00a0; Aur\u00e9lien Tach\u00e9, d\u00e9put\u00e9 (NI) du Val-d&rsquo;Oise\u00a0; Maina Sage, d\u00e9put\u00e9e du Groupe Agir ensemble (AE) de Polyn\u00e9sie fran\u00e7aise\u00a0; C\u00e9dric Villani, d\u00e9put\u00e9 non inscrit (NI) de l&rsquo;Essonne<\/p>\n<p class=\"c7\">Cette d\u00e9marche survient quelques jours apr\u00e8s la d\u00e9claration du chef d\u2019\u00e9tat-major de l\u2019Arm\u00e9e nationale populaire, Sa\u00efd Chengriha, qui a \u00e9voqu\u00e9, au cours d\u2019une entrevue avec le g\u00e9n\u00e9ral Lecointre. \u00ab\u00a0la probl\u00e9matique des n\u00e9gociations au sein du groupe alg\u00e9ro-fran\u00e7ais, au sujet des sites d\u2019essais nucl\u00e9aires et des autres essais au Sahara alg\u00e9rien, o\u00f9 nous attendons votre soutien, lors de la 17e session du groupe mixte alg\u00e9ro-fran\u00e7ais, pr\u00e9vue en mai 2021, pour la prise en charge d\u00e9finitive des op\u00e9rations de r\u00e9habilitation des sites de Reggane et d\u2019In Ekker, ainsi que votre assistance pour nous fournir les cartes topographiques permettant la localisation des zones d\u2019enfouissement, non d\u00e9couvertes \u00e0 ce jour, des d\u00e9chets contamin\u00e9s, radioactifs ou chimiques\u00a0\u00bb.<\/p>\n<p class=\"c8\"><strong>Im\u00e8ne AMOKRANE<\/strong><\/p>\n<\/div>\n<div id=\"text_core\" readability=\"89.289558665231\">\n<p class=\"c7\">Neufs d\u00e9put\u00e9s fran\u00e7ais ont r\u00e9clam\u00e9, dans une lettre adress\u00e9e \u00e0 Macron et publi\u00e9e par <a href=\"https:\/\/www.lejdd.fr\/Politique\/tribune-il-est-temps-de-reparer-les-consequences-des-essais-nucleaires-en-algerie-4037578?fbclid=IwAR2RMfSeLjUm7PSMPvtj2sTqaJISSjrzWC1sp613aLDA85BXyAXk9wC1Pb4\"><span class=\"c6\">le Journal Du Dimanche<\/span><\/a> (le JDD), la publication des \u00ab\u00a0donn\u00e9es et les cartes des zones\u00a0\u00bb des d\u00e9chets nucl\u00e9aires enterr\u00e9s en Alg\u00e9rie.<\/p>\n<p class=\"c7\">Les d\u00e9put\u00e9s appuient leur demande avec des \u00e9tudes sur le ph\u00e9nom\u00e8ne qui s\u2019est produit en f\u00e9vrier, o\u00f9 \u00ab\u00a0le ciel d&rsquo;une large partie de la France a arbor\u00e9 une teinte orang\u00e9e cr\u00e9ant une atmosph\u00e8re particuli\u00e8re. Le sable du Sahara, port\u00e9 par les vents, est \u00e0 l&rsquo;origine de ce ph\u00e9nom\u00e8ne\u00a0\u00bb. Ainsi, ils attestent que \u00ab\u00a0selon les analyses de l&rsquo;Institut de radioprotection et de s\u00fbret\u00e9 nucl\u00e9aire, ce sable avait des teneurs en C\u00e9sium-137 (\u00e9l\u00e9ment radioactif) sup\u00e9rieures \u00e0 la moyenne, mais sans danger pour l&rsquo;\u00eatre humain\u00a0\u00bb.<\/p>\n<p class=\"c7\">Ces \u00e9lus indiquent ainsi que \u00ab\u00a0cet \u00e9pisode m\u00e9t\u00e9orologique est venu une nouvelle fois rappeler que la France a laiss\u00e9 une empreinte radioactive ind\u00e9l\u00e9bile au c\u0153ur du Sahara\u00a0\u00bb. Et de pr\u00e9ciser\u00a0: \u00ab\u00a0dix-sept explosions nucl\u00e9aires entre 1960 et 1966, atmosph\u00e9riques et souterraines, ont \u00e9t\u00e9 r\u00e9alis\u00e9es \u00e0 Reggane et In-Ekker pour tester la bombe atomique fran\u00e7aise. En 2021, les connaissances sur ces essais, sur les accidents (B\u00e9ryl, Am\u00e9thyste, Rubis, Jade) et leurs cons\u00e9quences sont nombreuses\u00a0\u00bb.<\/p>\n<p class=\"c7\">Cette lettre a \u00e9t\u00e9 sign\u00e9e par\u00a0: Moetai Brotherson, d\u00e9put\u00e9 du Groupe de la Gauche d\u00e9mocrate et r\u00e9publicaine (GDR) de Polyn\u00e9sie fran\u00e7aise\u00a0; Fran\u00e7ois-Michel Lambert, d\u00e9put\u00e9 \u00a0du Groupe Libert\u00e9s et territoires( LT) des Bouches-du-Rh\u00f4ne\u00a0; Jean-Paul Lecoq, d\u00e9put\u00e9 (GDR) de Seine-Maritime\u00a0; Paul Molac, d\u00e9put\u00e9 (LT) du Morbihan\u00a0; S\u00e9bastien Nadot, d\u00e9put\u00e9 (LT) de Haute-Garonne\u00a0; Mathilde Panot, d\u00e9put\u00e9e du Groupe La France insoumise (LFI) du Val-de-Marne\u00a0; Aur\u00e9lien Tach\u00e9, d\u00e9put\u00e9 (NI) du Val-d&rsquo;Oise\u00a0; Maina Sage, d\u00e9put\u00e9e du Groupe Agir ensemble (AE) de Polyn\u00e9sie fran\u00e7aise\u00a0; C\u00e9dric Villani, d\u00e9put\u00e9 non inscrit (NI) de l&rsquo;Essonne<\/p>\n<p class=\"c7\">Cette d\u00e9marche survient quelques jours apr\u00e8s la d\u00e9claration du chef d\u2019\u00e9tat-major de l\u2019Arm\u00e9e nationale populaire, Sa\u00efd Chengriha, qui a \u00e9voqu\u00e9, au cours d\u2019une entrevue avec le g\u00e9n\u00e9ral Lecointre. \u00ab\u00a0la probl\u00e9matique des n\u00e9gociations au sein du groupe alg\u00e9ro-fran\u00e7ais, au sujet des sites d\u2019essais nucl\u00e9aires et des autres essais au Sahara alg\u00e9rien, o\u00f9 nous attendons votre soutien, lors de la 17e session du groupe mixte alg\u00e9ro-fran\u00e7ais, pr\u00e9vue en mai 2021, pour la prise en charge d\u00e9finitive des op\u00e9rations de r\u00e9habilitation des sites de Reggane et d\u2019In Ekker, ainsi que votre assistance pour nous fournir les cartes topographiques permettant la localisation des zones d\u2019enfouissement, non d\u00e9couvertes \u00e0 ce jour, des d\u00e9chets contamin\u00e9s, radioactifs ou chimiques\u00a0\u00bb.<\/p>\n<p class=\"c8\"><strong>Im\u00e8ne AMOKRANE<\/strong><\/p>\n<\/div>\n<p>Auteur:<br \/>\n<a href=\"https:\/\/www.liberte-algerie.com\/actualite\/des-deputes-francais-reclament-la-publication-des-donnees-sur-les-dechets-nucleaires-enterres-en-algerie-357106\">Cliquez ici pour lire l&rsquo;article depuis sa source.<\/a><\/p>\n","protected":false},"excerpt":{"rendered":"<p>Neufs d\u00e9put\u00e9s fran\u00e7ais ont r\u00e9clam\u00e9, dans une lettre adress\u00e9e \u00e0 Macron et publi\u00e9e par le Journal Du Dimanche (le JDD), la publication des \u00ab\u00a0donn\u00e9es et les cartes des zones\u00a0\u00bb des d\u00e9chets nucl\u00e9aires enterr\u00e9s en Alg\u00e9rie. Les d\u00e9put\u00e9s appuient leur demande avec des \u00e9tudes sur le ph\u00e9nom\u00e8ne qui s\u2019est produit en f\u00e9vrier, o\u00f9 \u00ab\u00a0le ciel d&rsquo;une [&hellip;]<\/p>\n","protected":false},"author":1742,"featured_media":0,"comment_status":"closed","ping_status":"closed","sticky":false,"template":"","format":"standard","meta":{"fifu_image_url":"","fifu_image_alt":"","footnotes":""},"categories":[73,53],"tags":[],"class_list":["post-114744","post","type-post","status-publish","format-standard","hentry","category-actualite","category-algerie"],"_links":{"self":[{"href":"https:\/\/linitiative.ca\/International\/wp-json\/wp\/v2\/posts\/114744","targetHints":{"allow":["GET"]}}],"collection":[{"href":"https:\/\/linitiative.ca\/International\/wp-json\/wp\/v2\/posts"}],"about":[{"href":"https:\/\/linitiative.ca\/International\/wp-json\/wp\/v2\/types\/post"}],"author":[{"embeddable":true,"href":"https:\/\/linitiative.ca\/International\/wp-json\/wp\/v2\/users\/1742"}],"replies":[{"embeddable":true,"href":"https:\/\/linitiative.ca\/International\/wp-json\/wp\/v2\/comments?post=114744"}],"version-history":[{"count":0,"href":"https:\/\/linitiative.ca\/International\/wp-json\/wp\/v2\/posts\/114744\/revisions"}],"wp:attachment":[{"href":"https:\/\/linitiative.ca\/International\/wp-json\/wp\/v2\/media?parent=114744"}],"wp:term":[{"taxonomy":"category","embeddable":true,"href":"https:\/\/linitiative.ca\/International\/wp-json\/wp\/v2\/categories?post=114744"},{"taxonomy":"post_tag","embeddable":true,"href":"https:\/\/linitiative.ca\/International\/wp-json\/wp\/v2\/tags?post=114744"}],"curies":[{"name":"wp","href":"https:\/\/api.w.org\/{rel}","templated":true}]}}