{"id":114751,"date":"2021-04-12T14:20:50","date_gmt":"2021-04-12T18:20:50","guid":{"rendered":"https:\/\/linitiative.ca\/International\/figuig-le-cpdh-tient-sa-premiere-reunion-au-titre-de-2021\/"},"modified":"2021-04-12T14:20:50","modified_gmt":"2021-04-12T18:20:50","slug":"figuig-le-cpdh-tient-sa-premiere-reunion-au-titre-de-2021","status":"publish","type":"post","link":"https:\/\/linitiative.ca\/International\/figuig-le-cpdh-tient-sa-premiere-reunion-au-titre-de-2021\/","title":{"rendered":"Figuig : Le CPDH tient sa premi\u00e8re r\u00e9union au titre de 2021"},"content":{"rendered":"<p class=\"c4\">Le Comit\u00e9 provincial de d\u00e9veloppement humain (CPDH) de Figuig, a tenu, r\u00e9cemment, sa premi\u00e8re r\u00e9union au titre de l\u2019ann\u00e9e 2021, sous la pr\u00e9sidence du gouverneur de la province, pr\u00e9sident du CPDH, Mohamed Derhem.<\/p>\n<p class=\"c4\">La r\u00e9union a \u00e9t\u00e9 marqu\u00e9e par la pr\u00e9sentation des r\u00e9alisations de l\u2019Initiative nationale pour le d\u00e9veloppement humain (INDH) durant les deux derni\u00e8res ann\u00e9es (2019-2020) et l\u2019adoption du plan d\u2019action 2021 pour la cr\u00e9ation de 26 unit\u00e9s du pr\u00e9scolaire dans la province pour un financement global de 5,2 millions de dirhams (MDH), lit-on dans un communiqu\u00e9 de la pr\u00e9fecture de la province de Figuig.<\/p>\n<p class=\"c4\">Il a \u00e9t\u00e9 proc\u00e9d\u00e9 aussi \u00e0 l\u2019approbation d\u2019une convention de partenariat relative \u00e0 la r\u00e9alisation d\u2019unit\u00e9s d\u2019enseignement pr\u00e9scolaire et d\u2019une convention-cadre de partenariat pour le financement de projets INDH dans la province de Figuig pour un montant total qui s\u2019\u00e9l\u00e8ve \u00e0 16,5 MDH, r\u00e9partis entre l\u2019INDH (6 MDH), le Conseil provincial (6 MDH) et l\u2019Agence pour le d\u00e9veloppement des zones oasiennes et de l\u2019arganier (4,5 MDH).<\/p>\n<p class=\"c4\">Le CPDH a approuv\u00e9 aussi une convention de partenariat ciblant l\u2019accompagnement des jeunes b\u00e9n\u00e9ficiaires d\u2019appui aux projets dans le cadre du programme d\u2019auto-emploi dans la province de Figuig, en plus de l\u2019adoption et la signature d\u2019une convention de partenariat pour l\u2019accompagnement des op\u00e9rations d\u2019appui \u00e0 l\u2019\u00e9conomie sociale et solidaire dans le cadre du 3\u00e8me programme de l\u2019INDH relatif \u00e0 \u00ab\u00a0L\u2019am\u00e9lioration du revenu\u00a0\u00bb.<\/p>\n<p class=\"c4\">Un plan pluriannuel de d\u00e9veloppement humain 2021-2023 portant programmation de 116 projets d\u2019un investissement global de 123 MDH, a \u00e9t\u00e9 \u00e9galement adopt\u00e9, ajoute encore la m\u00eame source.<\/p>\n<p class=\"c4\">Les membres du CPDH ont par ailleurs donn\u00e9 leur accord pour l\u2019annonce d\u2019un concours pour le choix des id\u00e9es de projets dans le cadre du programme d\u2019am\u00e9lioration du revenu et d\u2019inclusion \u00e9conomique des jeunes (axe relatif \u00e0 l\u2019am\u00e9lioration du revenu) au titre de 2021.<\/p>\n<p class=\"c4\">A l\u2019issue des travaux de cette r\u00e9union, il a \u00e9t\u00e9 proc\u00e9d\u00e9 \u00e0 la signature de la convention de partenariat relative \u00e0 l\u2019accompagnement de la mise en oeuvre des actions de soutien \u00e0 l\u2019\u00e9conomie sociale et solidaire, dans le cadre du troisi\u00e8me programme de l\u2019INDH (axe de l\u2019am\u00e9lioration du revenu), sign\u00e9e par le pr\u00e9sident du CPDH et le pr\u00e9sident de l\u2019association Targa.<\/p>\n<p class=\"c4\">Par ailleurs, le gouverneur de la province, accompagn\u00e9 des membres du CPDH, a proc\u00e9d\u00e9 \u00e0 l\u2019inauguration de la Maison de l\u2019\u00e9tudiant et de l\u2019\u00e9tudiante, cr\u00e9\u00e9e dans le cadre du programme \u00abImpulsion du capital humain chez les g\u00e9n\u00e9rations montantes\u00bb de l\u2019INDH, et \u00e0 la remise de cinq\u00a0 ambulances, trois v\u00e9hicules de transport scolaire et deux v\u00e9hicules pour le transport des malades souffrant d\u2019insuffisance r\u00e9nale acquis dans le cadre de l\u2019INDH, du programme de r\u00e9duction des disparit\u00e9s territoriales et sociales en milieu rural et du Fonds de d\u00e9veloppement rural et des zones de montagne, au profit des services et associations en charge de la gestion de ces v\u00e9hicules, conclut le communiqu\u00e9.<\/p>\n<p>Auteur: Soufiane ELAHMAR<br \/>\n<a href=\"http:\/\/www.mapoujda.ma\/fr\/figuig-le-cpdh-tient-sa-premiere-reunion-au-titre-de-2021\/\">Cliquez ici pour lire l&rsquo;article depuis sa source.<\/a><\/p>\n","protected":false},"excerpt":{"rendered":"<p>Le Comit\u00e9 provincial de d\u00e9veloppement humain (CPDH) de Figuig, a tenu, r\u00e9cemment, sa premi\u00e8re r\u00e9union au titre de l\u2019ann\u00e9e 2021, sous la pr\u00e9sidence du gouverneur de la province, pr\u00e9sident du CPDH, Mohamed Derhem. La r\u00e9union a \u00e9t\u00e9 marqu\u00e9e par la pr\u00e9sentation des r\u00e9alisations de l\u2019Initiative nationale pour le d\u00e9veloppement humain (INDH) durant les deux derni\u00e8res [&hellip;]<\/p>\n","protected":false},"author":1788,"featured_media":0,"comment_status":"closed","ping_status":"closed","sticky":false,"template":"","format":"standard","meta":{"fifu_image_url":"","fifu_image_alt":"","footnotes":""},"categories":[54,76],"tags":[],"class_list":["post-114751","post","type-post","status-publish","format-standard","hentry","category-maroc","category-regions"],"_links":{"self":[{"href":"https:\/\/linitiative.ca\/International\/wp-json\/wp\/v2\/posts\/114751","targetHints":{"allow":["GET"]}}],"collection":[{"href":"https:\/\/linitiative.ca\/International\/wp-json\/wp\/v2\/posts"}],"about":[{"href":"https:\/\/linitiative.ca\/International\/wp-json\/wp\/v2\/types\/post"}],"author":[{"embeddable":true,"href":"https:\/\/linitiative.ca\/International\/wp-json\/wp\/v2\/users\/1788"}],"replies":[{"embeddable":true,"href":"https:\/\/linitiative.ca\/International\/wp-json\/wp\/v2\/comments?post=114751"}],"version-history":[{"count":0,"href":"https:\/\/linitiative.ca\/International\/wp-json\/wp\/v2\/posts\/114751\/revisions"}],"wp:attachment":[{"href":"https:\/\/linitiative.ca\/International\/wp-json\/wp\/v2\/media?parent=114751"}],"wp:term":[{"taxonomy":"category","embeddable":true,"href":"https:\/\/linitiative.ca\/International\/wp-json\/wp\/v2\/categories?post=114751"},{"taxonomy":"post_tag","embeddable":true,"href":"https:\/\/linitiative.ca\/International\/wp-json\/wp\/v2\/tags?post=114751"}],"curies":[{"name":"wp","href":"https:\/\/api.w.org\/{rel}","templated":true}]}}