{"id":114753,"date":"2021-04-12T11:53:19","date_gmt":"2021-04-12T15:53:19","guid":{"rendered":"https:\/\/linitiative.ca\/International\/le-conseil-du-gouvernement-se-penche-sur-la-reorganisation-de-la-cmr\/"},"modified":"2021-04-12T11:53:19","modified_gmt":"2021-04-12T15:53:19","slug":"le-conseil-du-gouvernement-se-penche-sur-la-reorganisation-de-la-cmr","status":"publish","type":"post","link":"https:\/\/linitiative.ca\/International\/le-conseil-du-gouvernement-se-penche-sur-la-reorganisation-de-la-cmr\/","title":{"rendered":"Le Conseil du gouvernement se penche sur la r\u00e9organisation de la CMR"},"content":{"rendered":"<p class=\"rtejustify\">Le Conseil du\u00a0gouvernement examinera, jeudi prochain, trois projets de d\u00e9cret, le premier relatif \u00e0 la modification du d\u00e9cret portant application des dispositions du Dahir consid\u00e9r\u00e9 comme loi, relatif \u00e0 l&rsquo;organisation judiciaire du Royaume, indique le D\u00e9partement du chef du gouvernement. Le deuxi\u00e8me projet de d\u00e9cret compl\u00e8te le d\u00e9cret d&rsquo;application de la loi portant r\u00e9organisation de la Caisse marocaine des retraites (CMR), alors que le troisi\u00e8me concerne l&rsquo;application de certaines dispositions de la loi relative aux aires prot\u00e9g\u00e9es.<\/p>\n<p class=\"rtejustify\">Le Conseil examinera par ailleurs le\u00a0protocole relatif \u00e0 la Convention internationale de 1966 sur les lignes de charge, adopt\u00e9 \u00e0 Londres le 11 novembre 1988, et le projet de d\u00e9cret portant approbation de ce protocole.<\/p>\n<p class=\"rtejustify\">\u00a0<\/p>\n<p>Auteur: hgueye<br \/>\n<a href=\"https:\/\/www.leconomiste.com\/flash-infos\/le-conseil-du-gouvernement-se-penche-sur-la-reorganisation-de-la-cmr\">Cliquez ici pour lire l&rsquo;article depuis sa source.<\/a><\/p>\n","protected":false},"excerpt":{"rendered":"<p>Le Conseil du\u00a0gouvernement examinera, jeudi prochain, trois projets de d\u00e9cret, le premier relatif \u00e0 la modification du d\u00e9cret portant application des dispositions du Dahir consid\u00e9r\u00e9 comme loi, relatif \u00e0 l&rsquo;organisation judiciaire du Royaume, indique le D\u00e9partement du chef du gouvernement. Le deuxi\u00e8me projet de d\u00e9cret compl\u00e8te le d\u00e9cret d&rsquo;application de la loi portant r\u00e9organisation de [&hellip;]<\/p>\n","protected":false},"author":1763,"featured_media":0,"comment_status":"closed","ping_status":"closed","sticky":false,"template":"","format":"standard","meta":{"fifu_image_url":"","fifu_image_alt":"","footnotes":""},"categories":[78,54],"tags":[],"class_list":["post-114753","post","type-post","status-publish","format-standard","hentry","category-economie","category-maroc"],"_links":{"self":[{"href":"https:\/\/linitiative.ca\/International\/wp-json\/wp\/v2\/posts\/114753","targetHints":{"allow":["GET"]}}],"collection":[{"href":"https:\/\/linitiative.ca\/International\/wp-json\/wp\/v2\/posts"}],"about":[{"href":"https:\/\/linitiative.ca\/International\/wp-json\/wp\/v2\/types\/post"}],"author":[{"embeddable":true,"href":"https:\/\/linitiative.ca\/International\/wp-json\/wp\/v2\/users\/1763"}],"replies":[{"embeddable":true,"href":"https:\/\/linitiative.ca\/International\/wp-json\/wp\/v2\/comments?post=114753"}],"version-history":[{"count":0,"href":"https:\/\/linitiative.ca\/International\/wp-json\/wp\/v2\/posts\/114753\/revisions"}],"wp:attachment":[{"href":"https:\/\/linitiative.ca\/International\/wp-json\/wp\/v2\/media?parent=114753"}],"wp:term":[{"taxonomy":"category","embeddable":true,"href":"https:\/\/linitiative.ca\/International\/wp-json\/wp\/v2\/categories?post=114753"},{"taxonomy":"post_tag","embeddable":true,"href":"https:\/\/linitiative.ca\/International\/wp-json\/wp\/v2\/tags?post=114753"}],"curies":[{"name":"wp","href":"https:\/\/api.w.org\/{rel}","templated":true}]}}