{"id":114754,"date":"2021-04-12T12:03:51","date_gmt":"2021-04-12T16:03:51","guid":{"rendered":"https:\/\/linitiative.ca\/International\/de-fortes-averses-attendues-mercredi-et-jeudi\/"},"modified":"2021-04-12T12:03:51","modified_gmt":"2021-04-12T16:03:51","slug":"de-fortes-averses-attendues-mercredi-et-jeudi","status":"publish","type":"post","link":"https:\/\/linitiative.ca\/International\/de-fortes-averses-attendues-mercredi-et-jeudi\/","title":{"rendered":"De fortes averses attendues mercredi et jeudi"},"content":{"rendered":"<p class=\"rtejustify\">De fortes averses orageuses et rafales de vent toucheront mercredi et jeudi plusieurs provinces du Royaume, annonce la Direction g\u00e9n\u00e9rale de la m\u00e9t\u00e9orologie (DGM). Ces pluies de niveau de vigilance orange (30 \u00e0 40 mm) sont attendues du mercredi \u00e0 13h00 au jeudi \u00e0 06h00, dans les provinces d&rsquo;Azilal, B\u00e9ni Mellal, Ifrane, Kh\u00e9nifra et Midelt, pr\u00e9cise la DGM. Des pr\u00e9cipitations mod\u00e9r\u00e9es pourront persister le jeudi sur le Moyen-Atlas, le Saiss et le Rif, indique la DGM, ajoutant que des rafales de vent de niveau de vigilance orange (75 \u00e0 85km\/h) sont \u00e9galement pr\u00e9vues, mercredi et jeudi, \u00e0 Assa-Zag, Errachidia, Figuig, Midelt, Ouarzazate, Tata, Tinghir et Zagora.<\/p>\n<p class=\"rtejustify\">\u00a0<\/p>\n<p>Auteur: hgueye<br \/>\n<a href=\"https:\/\/www.leconomiste.com\/flash-infos\/de-fortes-averses-attendues-mercredi-et-jeudi\">Cliquez ici pour lire l&rsquo;article depuis sa source.<\/a><\/p>\n","protected":false},"excerpt":{"rendered":"<p>De fortes averses orageuses et rafales de vent toucheront mercredi et jeudi plusieurs provinces du Royaume, annonce la Direction g\u00e9n\u00e9rale de la m\u00e9t\u00e9orologie (DGM). Ces pluies de niveau de vigilance orange (30 \u00e0 40 mm) sont attendues du mercredi \u00e0 13h00 au jeudi \u00e0 06h00, dans les provinces d&rsquo;Azilal, B\u00e9ni Mellal, Ifrane, Kh\u00e9nifra et Midelt, [&hellip;]<\/p>\n","protected":false},"author":1763,"featured_media":0,"comment_status":"closed","ping_status":"closed","sticky":false,"template":"","format":"standard","meta":{"fifu_image_url":"","fifu_image_alt":"","footnotes":""},"categories":[78,54],"tags":[],"class_list":["post-114754","post","type-post","status-publish","format-standard","hentry","category-economie","category-maroc"],"_links":{"self":[{"href":"https:\/\/linitiative.ca\/International\/wp-json\/wp\/v2\/posts\/114754","targetHints":{"allow":["GET"]}}],"collection":[{"href":"https:\/\/linitiative.ca\/International\/wp-json\/wp\/v2\/posts"}],"about":[{"href":"https:\/\/linitiative.ca\/International\/wp-json\/wp\/v2\/types\/post"}],"author":[{"embeddable":true,"href":"https:\/\/linitiative.ca\/International\/wp-json\/wp\/v2\/users\/1763"}],"replies":[{"embeddable":true,"href":"https:\/\/linitiative.ca\/International\/wp-json\/wp\/v2\/comments?post=114754"}],"version-history":[{"count":0,"href":"https:\/\/linitiative.ca\/International\/wp-json\/wp\/v2\/posts\/114754\/revisions"}],"wp:attachment":[{"href":"https:\/\/linitiative.ca\/International\/wp-json\/wp\/v2\/media?parent=114754"}],"wp:term":[{"taxonomy":"category","embeddable":true,"href":"https:\/\/linitiative.ca\/International\/wp-json\/wp\/v2\/categories?post=114754"},{"taxonomy":"post_tag","embeddable":true,"href":"https:\/\/linitiative.ca\/International\/wp-json\/wp\/v2\/tags?post=114754"}],"curies":[{"name":"wp","href":"https:\/\/api.w.org\/{rel}","templated":true}]}}