{"id":114757,"date":"2021-04-12T15:14:04","date_gmt":"2021-04-12T19:14:04","guid":{"rendered":"https:\/\/linitiative.ca\/International\/pros-ligue-1-france-slimani-et-lyon-se-relancent-dans-la-course-au-titre\/"},"modified":"2021-04-12T15:14:04","modified_gmt":"2021-04-12T19:14:04","slug":"pros-ligue-1-france-slimani-et-lyon-se-relancent-dans-la-course-au-titre","status":"publish","type":"post","link":"https:\/\/linitiative.ca\/International\/pros-ligue-1-france-slimani-et-lyon-se-relancent-dans-la-course-au-titre\/","title":{"rendered":"Pros : Ligue 1 (France) : Slimani et Lyon se relancent dans la course au titre"},"content":{"rendered":"<div readability=\"32\">\n<p>Auteur : <span class=\"time\">lundi 12 avril 2021 08:10<\/span><\/p>\n<\/div>\n<div id=\"post_core\" readability=\"48\">\n<p>Apr\u00e8s une s\u00e9rie de trois matchs sans succ\u00e8s, l&rsquo;Olympique Lyonnais a retrouv\u00e9 le go\u00fbt de la victoire face \u00e0 Angers (3-0) ce dimanche en cl\u00f4ture de la 32e journ\u00e9e de la Ligue 1 fran\u00e7aise. Au classement, l&rsquo;OL reste 4e mais revient \u00e0 5 points du leader, le LOSC.<\/p>\n<p>Profitant de l&rsquo;absence de Kadewere et titularis\u00e9 en pointe, Islam Slimani n&rsquo;a pas marqu\u00e9. Il n&rsquo;a m\u00eame pas eu la moindre occasion franche \u00e0 part un but refus\u00e9 en deuxi\u00e8me p\u00e9riode suite \u00e0 un hors jeu siffl\u00e9 contre un co\u00e9quipier. Et pourtant, l&rsquo;Alg\u00e9rien a r\u00e9alis\u00e9 un match int\u00e9ressant. Toujours disponible dans le jeu, l&rsquo;ancien Mon\u00e9gasque a repr\u00e9sent\u00e9 un bon point d&rsquo;appui et a bien combin\u00e9 avec ses partenaires, notamment Depay. De la t\u00eate, il a donn\u00e9 un ballon de but \u00e0 Paqueta, qui a trouv\u00e9 le poteau \u00e0 bout portant avant le but de Depay.<\/p>\n<p><strong>Publi\u00e9 dans :<\/strong> <span>slimani<\/span><\/p>\n<\/div>\n<p>Auteur:<br \/>\n<a href=\"http:\/\/www.lebuteur.com\/article\/detail?titre=ligue-1-france-slimani-et-lyon-se-relancent-dans-la-course-au-titre&#038;id=99693&#038;utm_source=feedburner&#038;utm_medium=feed&#038;utm_campaign=Feed%3A+GalerieFArtciles+%28Les+derniers+articles++-+lebuteur.com%29\">Cliquez ici pour lire l&rsquo;article depuis sa source.<\/a><\/p>\n","protected":false},"excerpt":{"rendered":"<p>Auteur : lundi 12 avril 2021 08:10 Apr\u00e8s une s\u00e9rie de trois matchs sans succ\u00e8s, l&rsquo;Olympique Lyonnais a retrouv\u00e9 le go\u00fbt de la victoire face \u00e0 Angers (3-0) ce dimanche en cl\u00f4ture de la 32e journ\u00e9e de la Ligue 1 fran\u00e7aise. Au classement, l&rsquo;OL reste 4e mais revient \u00e0 5 points du leader, le LOSC. [&hellip;]<\/p>\n","protected":false},"author":1738,"featured_media":0,"comment_status":"closed","ping_status":"closed","sticky":false,"template":"","format":"standard","meta":{"fifu_image_url":"\/\/cdn.lebuteur.com\/data\/images\/article\/thumbs\/large-ligue-1-france-slimani-et-lyon-se-relancent-dans-la-course-au-titre-f6161.jpg","fifu_image_alt":"Pros : Ligue 1 (France) : Slimani et Lyon se relancent dans la course au titre","footnotes":""},"categories":[53,75],"tags":[],"class_list":["post-114757","post","type-post","status-publish","format-standard","hentry","category-algerie","category-sport"],"_links":{"self":[{"href":"https:\/\/linitiative.ca\/International\/wp-json\/wp\/v2\/posts\/114757","targetHints":{"allow":["GET"]}}],"collection":[{"href":"https:\/\/linitiative.ca\/International\/wp-json\/wp\/v2\/posts"}],"about":[{"href":"https:\/\/linitiative.ca\/International\/wp-json\/wp\/v2\/types\/post"}],"author":[{"embeddable":true,"href":"https:\/\/linitiative.ca\/International\/wp-json\/wp\/v2\/users\/1738"}],"replies":[{"embeddable":true,"href":"https:\/\/linitiative.ca\/International\/wp-json\/wp\/v2\/comments?post=114757"}],"version-history":[{"count":0,"href":"https:\/\/linitiative.ca\/International\/wp-json\/wp\/v2\/posts\/114757\/revisions"}],"wp:attachment":[{"href":"https:\/\/linitiative.ca\/International\/wp-json\/wp\/v2\/media?parent=114757"}],"wp:term":[{"taxonomy":"category","embeddable":true,"href":"https:\/\/linitiative.ca\/International\/wp-json\/wp\/v2\/categories?post=114757"},{"taxonomy":"post_tag","embeddable":true,"href":"https:\/\/linitiative.ca\/International\/wp-json\/wp\/v2\/tags?post=114757"}],"curies":[{"name":"wp","href":"https:\/\/api.w.org\/{rel}","templated":true}]}}