{"id":114758,"date":"2021-04-12T15:14:08","date_gmt":"2021-04-12T19:14:08","guid":{"rendered":"https:\/\/linitiative.ca\/International\/international-tottenham-tres-decu-par-solskjaer-mourinho-lui-repond-vigoureusement\/"},"modified":"2021-04-12T15:14:08","modified_gmt":"2021-04-12T19:14:08","slug":"international-tottenham-tres-decu-par-solskjaer-mourinho-lui-repond-vigoureusement","status":"publish","type":"post","link":"https:\/\/linitiative.ca\/International\/international-tottenham-tres-decu-par-solskjaer-mourinho-lui-repond-vigoureusement\/","title":{"rendered":"International : Tottenham : Tr\u00e8s d\u00e9\u00e7u par Solskjaer, Mourinho lui r\u00e9pond vigoureusement"},"content":{"rendered":"<div readability=\"32\">\n<p>Auteur : <span class=\"time\">lundi 12 avril 2021 09:00<\/span><\/p>\n<\/div>\n<div id=\"post_core\" readability=\"54\">\n<p>Lors de ce match, Manchester United s&rsquo;est vu refus\u00e9 un but en premi\u00e8re p\u00e9riode \u00e0 cause d\u2019une main au visage de Scott McTominay, au visage\u00a0de Heung-min Son. L\u2019entra\u00eeneur norv\u00e9gien des Red Devils Ole Gunnar Solskjaer a affirm\u00e9 haut et fort que le Cor\u00e9en avait \u00ab\u00a0tromp\u00e9\u00a0\u00bb l\u2019arbitre de la rencontre, ce que n\u2019a pas appr\u00e9ci\u00e9 Jos\u00e9 Mourinho, le coach des Spurs.<\/p>\n<p>Devant la presse, le technicien portugais a tacl\u00e9 s\u00e9v\u00e8rement son homologue mancunien\u00a0: \u00ab\u00a0Je l&rsquo;ai d\u00e9j\u00e0 dit \u00e0 Ole parce que je l&rsquo;ai vu il y a quelques minutes. Si c&rsquo;est moi qui dis \u00e0 un joueur a, b ou c d&rsquo;un autre club, si c&rsquo;\u00e9tait mon fils, je ne lui donnerais pas \u00e0 d\u00eener ce soir ou quelque chose comme \u00e7a, quelle serait la r\u00e9action ? A ce propos, je voudrais juste dire que Sonny a beaucoup de chance que son p\u00e8re soit une meilleure personne qu&rsquo;Ole. Parce qu&rsquo;un p\u00e8re et je suis un p\u00e8re, doit nourrir ses enfants, peu importe ce qu&rsquo;ils font. Si tu dois voler pour nourrir tes enfants, tu voles. Je suis tr\u00e8s d\u00e9\u00e7u, j&rsquo;ai d\u00e9j\u00e0 dit \u00e0 Ole ce que je pense de ses commentaires\u00a0\u00bb. Des propos relay\u00e9s par Onzemondial.<\/p>\n<p><strong>Publi\u00e9 dans :<\/strong> <span>mourinho<\/span><\/p>\n<\/div>\n<p>Auteur:<br \/>\n<a href=\"http:\/\/www.lebuteur.com\/article\/detail?titre=tottenham-tres-decu-par-solskjaer-mourinho-lui-repond-vigoureusement&#038;id=99694&#038;utm_source=feedburner&#038;utm_medium=feed&#038;utm_campaign=Feed%3A+GalerieFArtciles+%28Les+derniers+articles++-+lebuteur.com%29\">Cliquez ici pour lire l&rsquo;article depuis sa source.<\/a><\/p>\n","protected":false},"excerpt":{"rendered":"<p>Auteur : lundi 12 avril 2021 09:00 Lors de ce match, Manchester United s&rsquo;est vu refus\u00e9 un but en premi\u00e8re p\u00e9riode \u00e0 cause d\u2019une main au visage de Scott McTominay, au visage\u00a0de Heung-min Son. L\u2019entra\u00eeneur norv\u00e9gien des Red Devils Ole Gunnar Solskjaer a affirm\u00e9 haut et fort que le Cor\u00e9en avait \u00ab\u00a0tromp\u00e9\u00a0\u00bb l\u2019arbitre de la [&hellip;]<\/p>\n","protected":false},"author":1738,"featured_media":0,"comment_status":"closed","ping_status":"closed","sticky":false,"template":"","format":"standard","meta":{"fifu_image_url":"\/\/cdn.lebuteur.com\/data\/images\/article\/thumbs\/large-tottenham-tres-decu-par-solskjaer-mourinho-lui-repond-vigoureusement-ca857.jpg","fifu_image_alt":"International : Tottenham : Tr\u00e8s d\u00e9\u00e7u par Solskjaer, Mourinho lui r\u00e9pond vigoureusement","footnotes":""},"categories":[53,75],"tags":[],"class_list":["post-114758","post","type-post","status-publish","format-standard","hentry","category-algerie","category-sport"],"_links":{"self":[{"href":"https:\/\/linitiative.ca\/International\/wp-json\/wp\/v2\/posts\/114758","targetHints":{"allow":["GET"]}}],"collection":[{"href":"https:\/\/linitiative.ca\/International\/wp-json\/wp\/v2\/posts"}],"about":[{"href":"https:\/\/linitiative.ca\/International\/wp-json\/wp\/v2\/types\/post"}],"author":[{"embeddable":true,"href":"https:\/\/linitiative.ca\/International\/wp-json\/wp\/v2\/users\/1738"}],"replies":[{"embeddable":true,"href":"https:\/\/linitiative.ca\/International\/wp-json\/wp\/v2\/comments?post=114758"}],"version-history":[{"count":0,"href":"https:\/\/linitiative.ca\/International\/wp-json\/wp\/v2\/posts\/114758\/revisions"}],"wp:attachment":[{"href":"https:\/\/linitiative.ca\/International\/wp-json\/wp\/v2\/media?parent=114758"}],"wp:term":[{"taxonomy":"category","embeddable":true,"href":"https:\/\/linitiative.ca\/International\/wp-json\/wp\/v2\/categories?post=114758"},{"taxonomy":"post_tag","embeddable":true,"href":"https:\/\/linitiative.ca\/International\/wp-json\/wp\/v2\/tags?post=114758"}],"curies":[{"name":"wp","href":"https:\/\/api.w.org\/{rel}","templated":true}]}}