{"id":114759,"date":"2021-04-12T15:14:12","date_gmt":"2021-04-12T19:14:12","guid":{"rendered":"https:\/\/linitiative.ca\/International\/pros-nimes-ferhat-une-nouvelle-fois-decisif-pour-son-equipe-video\/"},"modified":"2021-04-12T15:14:12","modified_gmt":"2021-04-12T19:14:12","slug":"pros-nimes-ferhat-une-nouvelle-fois-decisif-pour-son-equipe-video","status":"publish","type":"post","link":"https:\/\/linitiative.ca\/International\/pros-nimes-ferhat-une-nouvelle-fois-decisif-pour-son-equipe-video\/","title":{"rendered":"Pros : N\u00eemes : Ferhat une nouvelle fois d\u00e9cisif pour son \u00e9quipe (Vid\u00e9o)"},"content":{"rendered":"<div readability=\"32\">\n<p>Auteur : <span class=\"time\">lundi 12 avril 2021 09:19<\/span><\/p>\n<\/div>\n<div id=\"post_core\" readability=\"35\">\n<p>Comme souvent inspir\u00e9, Zinedine Ferhat a offert une passe d\u00e9cisive \u00e0 Moussa Kon\u00e9 pour l&rsquo;ouverture du score \u00e0 la 11e minute de jeu. L&rsquo;international alg\u00e9rien signe l\u00e0 sa 8e passe d\u00e9cisive de la saison :<\/p>\n<p><iframe loading=\"lazy\" allow=\"accelerometer; autoplay; clipboard-write; encrypted-media; gyroscope; picture-in-picture\" allowfullscreen=\"allowfullscreen\" frameborder=\"0\" height=\"315\" src=\"https:\/\/www.youtube.com\/embed\/9VbA0IXKK0g\" title=\"YouTube video player\" width=\"560\">[embedded content]<\/iframe><\/p>\n<p><strong>Publi\u00e9 dans :<\/strong> <span>ferhat<\/span><\/p>\n<\/div>\n<p>Auteur:<br \/>\n<a href=\"http:\/\/www.lebuteur.com\/article\/detail?titre=nimes-ferhat-une-nouvelle-fois-decisif-pour-son-equipe-video&#038;id=99695&#038;utm_source=feedburner&#038;utm_medium=feed&#038;utm_campaign=Feed%3A+GalerieFArtciles+%28Les+derniers+articles++-+lebuteur.com%29\">Cliquez ici pour lire l&rsquo;article depuis sa source.<\/a><\/p>\n","protected":false},"excerpt":{"rendered":"<p>Auteur : lundi 12 avril 2021 09:19 Comme souvent inspir\u00e9, Zinedine Ferhat a offert une passe d\u00e9cisive \u00e0 Moussa Kon\u00e9 pour l&rsquo;ouverture du score \u00e0 la 11e minute de jeu. L&rsquo;international alg\u00e9rien signe l\u00e0 sa 8e passe d\u00e9cisive de la saison : [embedded content] Publi\u00e9 dans : ferhat Auteur: Cliquez ici pour lire l&rsquo;article depuis [&hellip;]<\/p>\n","protected":false},"author":1738,"featured_media":0,"comment_status":"closed","ping_status":"closed","sticky":false,"template":"","format":"standard","meta":{"fifu_image_url":"\/\/cdn.lebuteur.com\/data\/images\/article\/thumbs\/large-nimes-ferhat-encore-une-fois-decisif-pour-son-equipe-video-07d1c.jpg","fifu_image_alt":"Pros : N\u00eemes : Ferhat une nouvelle fois d\u00e9cisif pour son \u00e9quipe (Vid\u00e9o)","footnotes":""},"categories":[53,75],"tags":[],"class_list":["post-114759","post","type-post","status-publish","format-standard","hentry","category-algerie","category-sport"],"_links":{"self":[{"href":"https:\/\/linitiative.ca\/International\/wp-json\/wp\/v2\/posts\/114759","targetHints":{"allow":["GET"]}}],"collection":[{"href":"https:\/\/linitiative.ca\/International\/wp-json\/wp\/v2\/posts"}],"about":[{"href":"https:\/\/linitiative.ca\/International\/wp-json\/wp\/v2\/types\/post"}],"author":[{"embeddable":true,"href":"https:\/\/linitiative.ca\/International\/wp-json\/wp\/v2\/users\/1738"}],"replies":[{"embeddable":true,"href":"https:\/\/linitiative.ca\/International\/wp-json\/wp\/v2\/comments?post=114759"}],"version-history":[{"count":0,"href":"https:\/\/linitiative.ca\/International\/wp-json\/wp\/v2\/posts\/114759\/revisions"}],"wp:attachment":[{"href":"https:\/\/linitiative.ca\/International\/wp-json\/wp\/v2\/media?parent=114759"}],"wp:term":[{"taxonomy":"category","embeddable":true,"href":"https:\/\/linitiative.ca\/International\/wp-json\/wp\/v2\/categories?post=114759"},{"taxonomy":"post_tag","embeddable":true,"href":"https:\/\/linitiative.ca\/International\/wp-json\/wp\/v2\/tags?post=114759"}],"curies":[{"name":"wp","href":"https:\/\/api.w.org\/{rel}","templated":true}]}}