{"id":114760,"date":"2021-04-12T15:14:16","date_gmt":"2021-04-12T19:14:16","guid":{"rendered":"https:\/\/linitiative.ca\/International\/pros-ol-rudi-garcia-a-fait-un-pari-avec-slimani-et-sen-satisfait\/"},"modified":"2021-04-12T15:14:16","modified_gmt":"2021-04-12T19:14:16","slug":"pros-ol-rudi-garcia-a-fait-un-pari-avec-slimani-et-sen-satisfait","status":"publish","type":"post","link":"https:\/\/linitiative.ca\/International\/pros-ol-rudi-garcia-a-fait-un-pari-avec-slimani-et-sen-satisfait\/","title":{"rendered":"Pros : OL : Rudi Garcia a fait un pari avec Slimani et s&rsquo;en satisfait"},"content":{"rendered":"<div readability=\"32\">\n<p>Auteur : <span class=\"time\">lundi 12 avril 2021 13:28<\/span><\/p>\n<\/div>\n<div id=\"post_core\" readability=\"52\">\n<p>En effet, confront\u00e9 \u00e0 l\u2019indisponibilit\u00e9 de Tino\u00a0Kadewere, Rudi Garcia a revu ses choix offensifs et a titularis\u00e9\u00a0dans l\u2019axe Islam Slimani, tout en d\u00e9calant \u00e0 l\u2019aile gauche,\u00a0le capitaine, Memphis Depay. Choix payant pour l\u2019entraineur des Gones qui a pu voir le d\u00e9vouement de l\u2019Alg\u00e9rien et l\u2019efficacit\u00e9 du Hollandais, buteur par deux fois comme l&rsquo;indique Onzemondial.<\/p>\n<p>Apr\u00e8s la rencontre, le technicien de 57 ans a pu savourer son choix tactique payant\u00a0: \u00ab\u00a0On pouvait presser haut avec nos attaquants gr\u00e2ce \u00e0 la d\u00e9fense \u00e0 trois d\u2019Angers, on a eu des ballons sur les c\u00f4t\u00e9s et donc on a pu beaucoup toucher Memphis. Et quand on touche beaucoup le capitaine, on sait qu\u2019il se passe beaucoup de choses, des buts ou des passes d\u00e9cisives. L\u00e0, il a mis un doubl\u00e9\u00a0\u00bb. Dimanche \u00e0 Nantes (21h), il est quasi certain que Rudi Garcia optera pour la m\u00eame strat\u00e9gie offensive avec Slimani en avant-centre et Depay \u00e0 gauche.<\/p>\n<p><strong>Publi\u00e9 dans :<\/strong> <span>Lyon<\/span><\/p>\n<\/div>\n<p>Auteur:<br \/>\n<a href=\"http:\/\/www.lebuteur.com\/article\/detail?titre=ol-rudi-garcia-a-fait-un-pari-avec-slimani-et-sen-satisfait&#038;id=99696&#038;utm_source=feedburner&#038;utm_medium=feed&#038;utm_campaign=Feed%3A+GalerieFArtciles+%28Les+derniers+articles++-+lebuteur.com%29\">Cliquez ici pour lire l&rsquo;article depuis sa source.<\/a><\/p>\n","protected":false},"excerpt":{"rendered":"<p>Auteur : lundi 12 avril 2021 13:28 En effet, confront\u00e9 \u00e0 l\u2019indisponibilit\u00e9 de Tino\u00a0Kadewere, Rudi Garcia a revu ses choix offensifs et a titularis\u00e9\u00a0dans l\u2019axe Islam Slimani, tout en d\u00e9calant \u00e0 l\u2019aile gauche,\u00a0le capitaine, Memphis Depay. Choix payant pour l\u2019entraineur des Gones qui a pu voir le d\u00e9vouement de l\u2019Alg\u00e9rien et l\u2019efficacit\u00e9 du Hollandais, buteur [&hellip;]<\/p>\n","protected":false},"author":1738,"featured_media":0,"comment_status":"closed","ping_status":"closed","sticky":false,"template":"","format":"standard","meta":{"fifu_image_url":"\/\/cdn.lebuteur.com\/data\/images\/article\/thumbs\/large-ol-rudi-garcia-a-fait-un-pari-avec-slimani-et-sen-satisfait-29729.jpg","fifu_image_alt":"Pros : OL : Rudi Garcia a fait un pari avec Slimani et s'en satisfait","footnotes":""},"categories":[53,75],"tags":[],"class_list":["post-114760","post","type-post","status-publish","format-standard","hentry","category-algerie","category-sport"],"_links":{"self":[{"href":"https:\/\/linitiative.ca\/International\/wp-json\/wp\/v2\/posts\/114760","targetHints":{"allow":["GET"]}}],"collection":[{"href":"https:\/\/linitiative.ca\/International\/wp-json\/wp\/v2\/posts"}],"about":[{"href":"https:\/\/linitiative.ca\/International\/wp-json\/wp\/v2\/types\/post"}],"author":[{"embeddable":true,"href":"https:\/\/linitiative.ca\/International\/wp-json\/wp\/v2\/users\/1738"}],"replies":[{"embeddable":true,"href":"https:\/\/linitiative.ca\/International\/wp-json\/wp\/v2\/comments?post=114760"}],"version-history":[{"count":0,"href":"https:\/\/linitiative.ca\/International\/wp-json\/wp\/v2\/posts\/114760\/revisions"}],"wp:attachment":[{"href":"https:\/\/linitiative.ca\/International\/wp-json\/wp\/v2\/media?parent=114760"}],"wp:term":[{"taxonomy":"category","embeddable":true,"href":"https:\/\/linitiative.ca\/International\/wp-json\/wp\/v2\/categories?post=114760"},{"taxonomy":"post_tag","embeddable":true,"href":"https:\/\/linitiative.ca\/International\/wp-json\/wp\/v2\/tags?post=114760"}],"curies":[{"name":"wp","href":"https:\/\/api.w.org\/{rel}","templated":true}]}}