{"id":114761,"date":"2021-04-12T15:14:19","date_gmt":"2021-04-12T19:14:19","guid":{"rendered":"https:\/\/linitiative.ca\/International\/equipe-dalgerie-algerie-belgique-coup-de-tonnerre-pour-lavenir-international-de-touba\/"},"modified":"2021-04-12T15:14:19","modified_gmt":"2021-04-12T19:14:19","slug":"equipe-dalgerie-algerie-belgique-coup-de-tonnerre-pour-lavenir-international-de-touba","status":"publish","type":"post","link":"https:\/\/linitiative.ca\/International\/equipe-dalgerie-algerie-belgique-coup-de-tonnerre-pour-lavenir-international-de-touba\/","title":{"rendered":"Equipe d&rsquo;Alg\u00e9rie : Alg\u00e9rie, Belgique: coup de tonnerre pour l\u2019avenir international de Touba ?"},"content":{"rendered":"<div readability=\"32\">\n<p>Auteur : <span class=\"time\">lundi 12 avril 2021 18:52<\/span><\/p>\n<\/div>\n<div id=\"post_core\" readability=\"42\">\n<p>Les choix internationaux font souvent objet \u00e0 d\u00e9bat et l\u2019Alg\u00e9rie est bien plac\u00e9 pour le savoir ! En effet, nombreux sont les supporters alg\u00e9riens \u00e0 avoir reprocher \u00e0 Nabil Fekir et Houssem Aouar d\u2019opter pour la France plut\u00f4t que les Fennecs. Ahmed Touba pourrait bient\u00f4t suivre leur exemple alors que ce dernier aurait chang\u00e9 d\u2019avis et opterait d\u00e9sormais pour une autre solution que repr\u00e9senter l\u2019\u00e9quipe entra\u00een\u00e9e par Djamel Belmadi. En effet, La Derni\u00e8re Heure, et comme rapport\u00e9 par OnzeMondial.com, r\u00e9v\u00e8le que le d\u00e9fenseur de Waalwijk avait r\u00e9pondu favorablement \u00e0 la convocation de l\u2019Alg\u00e9rie lors de la derni\u00e8re tr\u00eave internationale. N\u00e9anmoins, ce dernier n\u2019a pas disput\u00e9 une seule minute de jeu lors des matchs contre la Zambie et le Botswana. Ainsi, le m\u00e9dia belge rapporte que celui qui serait dans le viseur de Feyenoord, de la Lazio Rome et de l\u2019AS Monaco avait accept\u00e9 cette s\u00e9lection pour faire plaisir \u00e0 sa famille mais aurait d\u00e9sormais arr\u00eat\u00e9 son choix pour les Diables Rouges qu\u2019il peut toujours repr\u00e9senter sachant qu\u2019il n\u2019a jou\u00e9 aucun match officiel avec Les Verts. Une d\u00e9cision qui devrait faire encore grand bruit si elle se confirme\u2026<\/p>\n<p><strong>Publi\u00e9 dans :<\/strong> <span>Touba<\/span><\/p>\n<\/div>\n<p>Auteur:<br \/>\n<a href=\"http:\/\/www.lebuteur.com\/article\/detail?titre=algerie-belgique-coup-de-tonnerre-pour-lavenir-international-de-touba&#038;id=99697&#038;utm_source=feedburner&#038;utm_medium=feed&#038;utm_campaign=Feed%3A+GalerieFArtciles+%28Les+derniers+articles++-+lebuteur.com%29\">Cliquez ici pour lire l&rsquo;article depuis sa source.<\/a><\/p>\n","protected":false},"excerpt":{"rendered":"<p>Auteur : lundi 12 avril 2021 18:52 Les choix internationaux font souvent objet \u00e0 d\u00e9bat et l\u2019Alg\u00e9rie est bien plac\u00e9 pour le savoir ! En effet, nombreux sont les supporters alg\u00e9riens \u00e0 avoir reprocher \u00e0 Nabil Fekir et Houssem Aouar d\u2019opter pour la France plut\u00f4t que les Fennecs. Ahmed Touba pourrait bient\u00f4t suivre leur exemple [&hellip;]<\/p>\n","protected":false},"author":1738,"featured_media":0,"comment_status":"closed","ping_status":"closed","sticky":false,"template":"","format":"standard","meta":{"fifu_image_url":"\/\/cdn.lebuteur.com\/data\/images\/article\/thumbs\/large-algerie-belgique-coup-de-tonnerre-pour-lavenir-international-de-touba-fbd47.jpg","fifu_image_alt":"Equipe d'Alg\u00e9rie : Alg\u00e9rie, Belgique: coup de tonnerre pour l\u2019avenir international de Touba ?","footnotes":""},"categories":[53,75],"tags":[],"class_list":["post-114761","post","type-post","status-publish","format-standard","hentry","category-algerie","category-sport"],"_links":{"self":[{"href":"https:\/\/linitiative.ca\/International\/wp-json\/wp\/v2\/posts\/114761","targetHints":{"allow":["GET"]}}],"collection":[{"href":"https:\/\/linitiative.ca\/International\/wp-json\/wp\/v2\/posts"}],"about":[{"href":"https:\/\/linitiative.ca\/International\/wp-json\/wp\/v2\/types\/post"}],"author":[{"embeddable":true,"href":"https:\/\/linitiative.ca\/International\/wp-json\/wp\/v2\/users\/1738"}],"replies":[{"embeddable":true,"href":"https:\/\/linitiative.ca\/International\/wp-json\/wp\/v2\/comments?post=114761"}],"version-history":[{"count":0,"href":"https:\/\/linitiative.ca\/International\/wp-json\/wp\/v2\/posts\/114761\/revisions"}],"wp:attachment":[{"href":"https:\/\/linitiative.ca\/International\/wp-json\/wp\/v2\/media?parent=114761"}],"wp:term":[{"taxonomy":"category","embeddable":true,"href":"https:\/\/linitiative.ca\/International\/wp-json\/wp\/v2\/categories?post=114761"},{"taxonomy":"post_tag","embeddable":true,"href":"https:\/\/linitiative.ca\/International\/wp-json\/wp\/v2\/tags?post=114761"}],"curies":[{"name":"wp","href":"https:\/\/api.w.org\/{rel}","templated":true}]}}