{"id":114762,"date":"2021-04-12T04:00:00","date_gmt":"2021-04-12T08:00:00","guid":{"rendered":"https:\/\/linitiative.ca\/International\/la-depouille-de-pehe-desiree-gertrude-enfin-rapatriee-de-tunis-a-abidjan-grace-a-la-societe-civile\/"},"modified":"2021-04-12T04:00:00","modified_gmt":"2021-04-12T08:00:00","slug":"la-depouille-de-pehe-desiree-gertrude-enfin-rapatriee-de-tunis-a-abidjan-grace-a-la-societe-civile","status":"publish","type":"post","link":"https:\/\/linitiative.ca\/International\/la-depouille-de-pehe-desiree-gertrude-enfin-rapatriee-de-tunis-a-abidjan-grace-a-la-societe-civile\/","title":{"rendered":"La d\u00e9pouille de Pehe D\u00e9sir\u00e9e Gertrude enfin rapatri\u00e9e de Tunis \u00e0 Abidjan gr\u00e2ce \u00e0 la soci\u00e9t\u00e9 civile"},"content":{"rendered":"<p>La famille de feu Pehe D\u00e9sir\u00e9e Gertrude, d\u00e9c\u00e9d\u00e9e \u00e0 la fleur de l\u2019\u00e2ge en Tunisie le 20 mars 2021, peut d\u00e9sormais faire le deuil de leur ch\u00e8re disparue. Gr\u00e2ce aux efforts de la soci\u00e9t\u00e9 civile, le corps de la d\u00e9funte a pu \u00eatre rapatri\u00e9 en C\u00f4te d\u2019Ivoire le 4 avril. Les derniers honneurs lui ont \u00e9t\u00e9 rendus par sa famille et ses proches le 5 avril lors de son enterrement \u00e0 Anyama.<\/p>\n<p>D\u00e9sir\u00e9e \u00e9tait partie chercher du travail en Tunisie. Elle pr\u00e9levait chaque mois une petite somme destin\u00e9e \u00e0 l\u2019\u00e9ducation de sa fillette de cinq ans, rest\u00e9e en C\u00f4te d\u2019Ivoire Elle n\u2019avait jamais rat\u00e9 un seul envoi et attendait avec impatience le jour o\u00f9 elle pourrait rentrer combler de cadeaux sa fille ador\u00e9e.<\/p>\n<p>D\u00e9sir\u00e9e a failli \u00eatre enterr\u00e9e loin de sa famille en terre \u00e9trang\u00e8re, ses proches n\u2019ayant pas r\u00e9ussi \u00e0 mobiliser la somme n\u00e9cessaire au rapatriement fun\u00e9raire. Saisie par l&rsquo;Association des Ivoiriens en Tunisie (AIT), l\u2019Association des Tunisiens en C\u00f4te d\u2019Ivoire (aTunCI) a imm\u00e9diatement r\u00e9pondu \u00e0 cette demande d\u2019entraide en prenant en charge tous les frais de rapatriement.<\/p>\n<p>\u00abTu m\u2019as permis que j&rsquo;enterre ma fille dignement, je te remercie beaucoup, Madame\u00bb, bafouille la m\u00e8re de la disparue, Ban Sylvie, \u00e0 l\u2019endroit de la pr\u00e9sidente d\u2019aTunCI. Partag\u00e9e entre la douleur d\u2019avoir perdu sa fille et le soulagement de lui avoir donn\u00e9 une s\u00e9pulture au milieu des siens, la m\u00e8re \u00e9plor\u00e9e comble de b\u00e9n\u00e9dictions tous ceux qui lui ont permis de rendre les derniers honneurs dus \u00e0 la d\u00e9funte: \u00abQue le Tout Puissant Dieu vous b\u00e9nisse, qu&rsquo;il vous accorde le bonheur et longue vie\u00bb, lance-t-elle malgr\u00e9 sa douleur.<\/p>\n<p>\u00abLe rapatriement des d\u00e9pouilles des citoyens ivoiriens morts \u00e0 l\u2019\u00e9tranger d\u00e9passe bien souvent les faibles moyens des communaut\u00e9s locales, ce qui nous contraint \u00e0 rechercher d\u2019autres solutions de financement. Et c\u2019est pour cela que nous avons pris attache avec aTunCI\u00bb, explique Herman Naounou, pr\u00e9sident de l&rsquo;AIT.<\/p>\n<p>\u00abNous n\u2019avons fait l\u00e0 que notre devoir, se d\u00e9fend Intissar Amri, pr\u00e9sidente d\u2019aTunCI. Bien que nous ne b\u00e9n\u00e9ficiions \u00e0 ce jour d\u2019aucune subvention et que nous d\u00e9pendions pour chacune de nos actions des contributions volontaires de nos membres, nous avons imm\u00e9diatement r\u00e9pondu favorablement \u00e0 la requ\u00eate de nos fr\u00e8res et s\u0153urs ivoiriens de Tunisie car aTunCi\u0153uvre, entre autres objectifs, \u00e0 d\u00e9velopper l\u2019amiti\u00e9 entre les deux peuples tunisien et ivoirien.\u00bb<\/p>\n<p>a TunCi est une association de droit ivoirien qui \u0153uvre au rapprochement des cultures et \u00e0 l\u2019accompagnement social et culturel de la communaut\u00e9 tunisienne en C\u00f4te d\u2019Ivoire. Elle a men\u00e9 plusieurs actions sociales et culturelles depuis sa cr\u00e9ation.<br \/>\u00a0<\/p>\n<p>Auteur:<br \/>\n<a href=\"https:\/\/www.leaders.com.tn\/article\/31701-la-depouille-de-pehe-desiree-gertrude-enfin-rapatriee-de-tunis-a-abidjan-grace-a-la-societe-civile\">Cliquez ici pour lire l&rsquo;article depuis sa source.<\/a><\/p>\n","protected":false},"excerpt":{"rendered":"<p>La famille de feu Pehe D\u00e9sir\u00e9e Gertrude, d\u00e9c\u00e9d\u00e9e \u00e0 la fleur de l\u2019\u00e2ge en Tunisie le 20 mars 2021, peut d\u00e9sormais faire le deuil de leur ch\u00e8re disparue. Gr\u00e2ce aux efforts de la soci\u00e9t\u00e9 civile, le corps de la d\u00e9funte a pu \u00eatre rapatri\u00e9 en C\u00f4te d\u2019Ivoire le 4 avril. Les derniers honneurs lui ont [&hellip;]<\/p>\n","protected":false},"author":1772,"featured_media":0,"comment_status":"closed","ping_status":"closed","sticky":false,"template":"","format":"standard","meta":{"fifu_image_url":"","fifu_image_alt":"","footnotes":""},"categories":[73,55],"tags":[],"class_list":["post-114762","post","type-post","status-publish","format-standard","hentry","category-actualite","category-tunisie"],"_links":{"self":[{"href":"https:\/\/linitiative.ca\/International\/wp-json\/wp\/v2\/posts\/114762","targetHints":{"allow":["GET"]}}],"collection":[{"href":"https:\/\/linitiative.ca\/International\/wp-json\/wp\/v2\/posts"}],"about":[{"href":"https:\/\/linitiative.ca\/International\/wp-json\/wp\/v2\/types\/post"}],"author":[{"embeddable":true,"href":"https:\/\/linitiative.ca\/International\/wp-json\/wp\/v2\/users\/1772"}],"replies":[{"embeddable":true,"href":"https:\/\/linitiative.ca\/International\/wp-json\/wp\/v2\/comments?post=114762"}],"version-history":[{"count":0,"href":"https:\/\/linitiative.ca\/International\/wp-json\/wp\/v2\/posts\/114762\/revisions"}],"wp:attachment":[{"href":"https:\/\/linitiative.ca\/International\/wp-json\/wp\/v2\/media?parent=114762"}],"wp:term":[{"taxonomy":"category","embeddable":true,"href":"https:\/\/linitiative.ca\/International\/wp-json\/wp\/v2\/categories?post=114762"},{"taxonomy":"post_tag","embeddable":true,"href":"https:\/\/linitiative.ca\/International\/wp-json\/wp\/v2\/tags?post=114762"}],"curies":[{"name":"wp","href":"https:\/\/api.w.org\/{rel}","templated":true}]}}